{"id":134180,"date":"2020-03-11T21:47:52","date_gmt":"2020-03-11T19:47:52","guid":{"rendered":"http:\/\/sana.sy\/es\/?p=134180"},"modified":"2023-01-12T14:44:41","modified_gmt":"2023-01-12T12:44:41","slug":"la-oms-declara-que-el-brote-de-coronavirus-es-una-pandemia-mundial","status":"publish","type":"post","link":"https:\/\/archive.sana.sy\/es\/?p=134180","title":{"rendered":"La OMS declara que el brote de coronavirus es una pandemia mundial"},"content":{"rendered":"<p><span style=\"color: #800000;\">Ginebra, SANA<\/span><\/p>\n<p style=\"text-align: justify;\">El director general de la Organizaci\u00f3n Mundial de la Salud (OMS), Tedros Adhanom Ghebreyesus, ha declarado este mi\u00e9rcoles que el coronavirus Covid-19 pasa de ser una epidemia a una pandemia.<\/p>\n<p style=\"text-align: justify;\">As\u00ed lo ha anunciado Adhanom Ghebreyesus tras una reuni\u00f3n extraordinaria de la OMS, en la que se ha acordado pasar de escenario, declarando que el coronavirus Covid-19 es desde ahora mismo una pandemia.<\/p>\n<p style=\"text-align: justify;\">\u201cLa OMS ha evaluado este brote durante los \u00faltimos d\u00edas y estamos profundamente preocupados, tanto por los niveles alarmantes de propagaci\u00f3n y gravedad, como por los niveles alarmantes de inacci\u00f3n. Es por ello que hemos decidido decretar el estado de pandemia\u201d, ha afirmado.<\/p>\n<p style=\"text-align: justify;\">&#8220;Esta no es solo una crisis de salud p\u00fablica, es una crisis que afectar\u00e1 a todos los sectores, por lo que cada sector y cada individuo deben participar en la lucha. Desde el principio, afirm\u00e9 que todos los pa\u00edses deb\u00edan de adoptar un enfoque coordinado entre gobiernos y sociedad, construyendo una estrategia integral para prevenir infecciones, salvar vidas y minimizar el impacto&#8221;, ha subrayado, en una rueda de prensa posterior a la reuni\u00f3n de la OMS.<\/p>\n<p style=\"text-align: justify;\">&#8220;Recuerdo a todos los pa\u00edses la necesidad de activar y ampliar sus mecanismos de respuesta de emergencia para frenar el coronavirus Covid-19. Aconsejamos que est\u00e9n en permanente contacto con su poblaci\u00f3n de riesgo y les alerten de c\u00f3mo pueden protegerse. Tambi\u00e9n deben de localizar, aislar, y diagnosticar cada caso de coronavirus Covid-19, siguiendo su contacto\u201d, ha concluido Tedros Adhanom Ghebreyesus.<\/p>\n<p>M.M<\/p>\n","protected":false},"excerpt":{"rendered":"<p>Ginebra, SANA El director general de la Organizaci\u00f3n Mundial de la Salud (OMS), Tedros Adhanom Ghebreyesus, ha declarado este mi\u00e9rcoles que el coronavirus Covid-19 pasa de ser una epidemia a una pandemia. As\u00ed lo ha anunciado Adhanom Ghebreyesus tras una reuni\u00f3n extraordinaria de la OMS, en la que se ha acordado pasar de escenario, declarando &hellip;<\/p>\n","protected":false},"author":36,"featured_media":134181,"comment_status":"closed","ping_status":"closed","sticky":false,"template":"","format":"standard","meta":{"footnotes":""},"categories":[597,456,457],"tags":[11310],"class_list":["post-134180","post","type-post","status-publish","format-standard","has-post-thumbnail","","category-cinta-de-noticias","category-arabe-internacional-politica","category-noticias-arabe-internacional-politica","tag-oms"],"_links":{"self":[{"href":"https:\/\/archive.sana.sy\/es\/index.php?rest_route=\/wp\/v2\/posts\/134180"}],"collection":[{"href":"https:\/\/archive.sana.sy\/es\/index.php?rest_route=\/wp\/v2\/posts"}],"about":[{"href":"https:\/\/archive.sana.sy\/es\/index.php?rest_route=\/wp\/v2\/types\/post"}],"author":[{"embeddable":true,"href":"https:\/\/archive.sana.sy\/es\/index.php?rest_route=\/wp\/v2\/users\/36"}],"replies":[{"embeddable":true,"href":"https:\/\/archive.sana.sy\/es\/index.php?rest_route=%2Fwp%2Fv2%2Fcomments&post=134180"}],"version-history":[{"count":0,"href":"https:\/\/archive.sana.sy\/es\/index.php?rest_route=\/wp\/v2\/posts\/134180\/revisions"}],"wp:featuredmedia":[{"embeddable":true,"href":"https:\/\/archive.sana.sy\/es\/index.php?rest_route=\/wp\/v2\/media\/134181"}],"wp:attachment":[{"href":"https:\/\/archive.sana.sy\/es\/index.php?rest_route=%2Fwp%2Fv2%2Fmedia&parent=134180"}],"wp:term":[{"taxonomy":"category","embeddable":true,"href":"https:\/\/archive.sana.sy\/es\/index.php?rest_route=%2Fwp%2Fv2%2Fcategories&post=134180"},{"taxonomy":"post_tag","embeddable":true,"href":"https:\/\/archive.sana.sy\/es\/index.php?rest_route=%2Fwp%2Fv2%2Ftags&post=134180"}],"curies":[{"name":"wp","href":"https:\/\/api.w.org\/{rel}","templated":true}]}}