{"id":134201,"date":"2020-03-12T09:08:49","date_gmt":"2020-03-12T07:08:49","guid":{"rendered":"http:\/\/sana.sy\/es\/?p=134201"},"modified":"2023-01-10T15:34:43","modified_gmt":"2023-01-10T13:34:43","slug":"boletin-informativo-jueves-12-de-marzo-del-2020","status":"publish","type":"post","link":"https:\/\/archive.sana.sy\/es\/?p=134201","title":{"rendered":"Bolet\u00edn Informativo  Jueves, 12 de Marzo del 2020"},"content":{"rendered":"<p style=\"text-align: justify;\"><strong><span style=\"color: #800000;\">Damasco, SANA<\/span><\/strong><\/p>\n<p style=\"text-align: justify;\"><strong>\u00a0Les ofrecemos a continuaci\u00f3n, un resumen de las m\u00e1s destacadas noticias de Siria publicadas por nuestra agencia:<\/strong><\/p>\n<p style=\"text-align: justify;\"><span style=\"color: #0000ff;\"><strong>Siria est\u00e1 libre del coronavirus e intensifica medidas de precauci\u00f3n en los cruces fronterizos<\/strong><\/span><\/p>\n<p style=\"text-align: justify;\">El Ministerio de Salud intensific\u00f3 sus medidas de precauci\u00f3n en varias provincias y cruces fronterizos para prevenir el nuevo coronavirus \u201cCovid 19\u201d.<\/p>\n<p style=\"text-align: justify;\">El Ministro de Salud, Nizar Wahba Yazji, efectu\u00f3 visitas de inspecci\u00f3n a los cruces de Arida, Josieh y Yeser Kemar con el L\u00edbano, en las provincias de Homs y Tartous, y confirm\u00f3 que hasta ahora no se hab\u00eda registrado casos de coronavirus en Siria, y que los casos sospechosos dieron resultados negativos.<\/p>\n<p style=\"text-align: justify;\">El titular dej\u00f3 claro que el objetivo de las medidas es garantizar la seguridad de los visitantes a Siria, ya sean \u00e1rabes o extranjeros, y estar plenamente informados de su estado de salud a trav\u00e9s del equipo m\u00e9dico.<\/p>\n<p style=\"text-align: justify;\">En una declaraci\u00f3n a los periodistas, el Ministro de Salud dijo que el Ministerio equip\u00f3 a un centro de cuarentena en Al-Duwair en las afueras de Damasco, para transferir al mismo cualquier caso sospechoso.<\/p>\n<p style=\"text-align: justify;\"><span style=\"color: #0000ff;\"><strong>Agresi\u00f3n perpetrada por aviones desconocidos contra el municipio sirio de Abukamal, en la frontera sirio-iraqu\u00ed<\/strong><\/span><\/p>\n<p style=\"text-align: justify;\">Aviones no identificados llevaron a cabo ataques en el sudeste de la provincia oriental siria de Deir Ezzor, cerca de la frontera sirio-iraqu\u00ed.<\/p>\n<p style=\"text-align: justify;\">El corresponsal de SANA report\u00f3 que la agresi\u00f3n se produjo\u00a0 en las afueras surorientales del municipio de Abukamal, en el este de Deir Ezzor.<\/p>\n<p style=\"text-align: justify;\">Aclar\u00f3 que el ataque solo caus\u00f3 da\u00f1os materiales.<\/p>\n<p style=\"text-align: justify;\"><span style=\"color: #0000ff;\"><strong>Siria ratifica su condena al uso de armas qu\u00edmicas en cualquier lugar y bajo cualquier circunstancia<\/strong><\/span><\/p>\n<p style=\"text-align: justify;\">El embajador de Siria ante la Organizaci\u00f3n para la Prohibici\u00f3n de Armas Qu\u00edmicas (OPAQ), Bassam Sabbagh, denunci\u00f3 la tergiversaci\u00f3n y manipulaci\u00f3n del informe redactado por la Misi\u00f3n de Investigaci\u00f3n de esta organizaci\u00f3n internacional sobre los incidentes que tuvieron lugar en 2018 en la ciudad siria de Duma, al este de Damasco.<\/p>\n<p style=\"text-align: justify;\">En su intervenci\u00f3n en la 93\u00aa sesi\u00f3n del Consejo Ejecutivo de la OPAQ, Sabbagh fustig\u00f3 el hecho de apoyar a una evaluaci\u00f3n distanciada de la realidad y la l\u00f3gica, y detr\u00e1s de la cual est\u00e1 EEUU y un grupo de pa\u00edses occidentales que pretenden justificar su agresi\u00f3n contra Siria.<\/p>\n<p style=\"text-align: justify;\">\u201cEso refleja un ambiente poco profesional dentro de la organizaci\u00f3n que debe cambiar de car\u00e1cter urgente, su enfoque de trabajo y demostrar su imparcialidad, independencia y objetividad, lo cual contribuye a restaurar la confianza en los futuros informes de sus equipos\u201d, precis\u00f3.<\/p>\n<p style=\"text-align: justify;\">Reiter\u00f3 que Siria condena el uso de armas qu\u00edmicas en cualquier lugar y bajo cualquier circunstancia, as\u00ed como advierte de nuevo sobre el crecimiento del terrorismo internacional y el riesgo de la posesi\u00f3n y el uso de las sustancias t\u00f3xicas por las organizaciones terroristas.<\/p>\n<p style=\"text-align: justify;\">El diplom\u00e1tico sirio rechaz\u00f3 las continuas pretensiones de algunos pa\u00edses occidentales para acusar a Siria con el uso de armas qu\u00edmicas, y su condena a la deliberada ignorancia de las informaciones facilitadas por la parte siria a la OPAQ y la ONU sobre ataques qu\u00edmicos de falsa bandea que se preparan por los terroristas y sus patrocinadores con el fin de inculpar al Ej\u00e9rcito sirio.<\/p>\n<p style=\"text-align: justify;\">Asimismo, hizo referencia a lo que ocurri\u00f3 recientemente en las provincias de Alepo e Idleb durante los operativos antiterroristas del Ej\u00e9rcito sirio, y explic\u00f3 que Siria suministr\u00f3 datos sobre el transporte de sustancias t\u00f3xicas a grupos apoyados por el r\u00e9gimen de Erdogan en el territorio sirio, con el fin de almacenarlas en sedes de los llamados \u201cCascos Blancos\u201d bajo la supervisi\u00f3n de elementos de la inteligencia turca y norteamericana; sin embargo, la OPAQ pas\u00f3 por alto a dichas importantes informaciones y no reaccion\u00f3, lament\u00f3.<\/p>\n<p style=\"text-align: justify;\">Denunci\u00f3 que los pa\u00edses patrocinadores del \u201cequipo de Investigaci\u00f3n e Identificaci\u00f3n\u201d siguen secundando la labor de este grupo ilegal que servir\u00e1 solo a los planes antisirios bajo el pretexto de proteger la Convenci\u00f3n sobre las Armas Qu\u00edmicas.<\/p>\n<p style=\"text-align: justify;\">Expres\u00f3 el firme apoyo de Siria al objetivo de llegar a un Oriente Medio libre de todo tipo de armas de destrucci\u00f3n masiva para garantizar la seguridad y paz regionales, hecho que no se puede lograr sin obligar a Israel a sumarse a la Convenci\u00f3n de Prohibici\u00f3n de Armas Qu\u00edmicas, entre otros tratados relacionados con la no propagaci\u00f3n de armas de destrucci\u00f3n masiva.<\/p>\n<p style=\"text-align: justify;\"><strong><span style=\"color: #0000ff;\">Unos 30 proyectos industriales entran en fase productiva en provincia de Damasco-Campo<\/span><\/strong><\/p>\n<p style=\"text-align: justify;\">El director de Industria en la provincia de Damasco-campo, Mohamed Fayad, explic\u00f3 que se puso en marcha una plan integral para promover el sector industrial.<\/p>\n<p style=\"text-align: justify;\">El objetivo del plan, seg\u00fan Fayad, es la recuperaci\u00f3n de las instalaciones afectadas del sector p\u00fablico.<\/p>\n<p style=\"text-align: justify;\">En una declaraci\u00f3n a la agencia SANA, aclar\u00f3 se est\u00e1 centrando en el apoyo a las industrias estrat\u00e9gicas y proporcionar incentivos para la inversi\u00f3n industrial.<\/p>\n<p style=\"text-align: justify;\">\u201cSe adoptaron medidas gubernamentales para mejorar la producci\u00f3n local y facilitar el retorno de todos los industriales a sus instalaciones\u201d, subray\u00f3.<\/p>\n<p style=\"text-align: justify;\">Indic\u00f3 que 29 plantas industriales han vuelto a producir mientras se otorg\u00f3 licencias para 60 instalaciones industriales nuevas durante los \u00faltimos meses.<\/p>\n<p style=\"text-align: justify;\"><strong><span style=\"color: #0000ff;\">El festival \u201cla mujer siria es icono de la victoria\u201d arranca en Hama<\/span><\/strong><\/p>\n<p style=\"text-align: justify;\">Con motivo del D\u00eda Internacional de la Mujer, comenzaron las actividades del festival \u201cla Mujer Siria es Icono de la Victoria\u201d en la Casa de Cultura de la provincia de Hama, en el centro del pa\u00eds.<\/p>\n<p style=\"text-align: justify;\">El objetivo del evento es celebrar la creatividad de las mujeres sirias durante la guerra y su contribuci\u00f3n al movimiento cultural.<\/p>\n<p style=\"text-align: justify;\">El festival que organizan los departamentos de cultura en Raqa y Hama incluy\u00f3 gran espectro de actividades que destacan la importancia del rol de la mujer siria a lo largo de la historia.<\/p>\n<p style=\"text-align: justify;\">En este sentido, se proyect\u00f3 un largometraje sobre la lucha de la mujer siria en el pasado y en la actualidad, adem\u00e1s de condecorar a familias de m\u00e1rtires y la reportera del canal sirio Sama Kenanah Alosh.<\/p>\n<p style=\"text-align: justify;\">La inauguraci\u00f3n cont\u00f3 con espect\u00e1culos de bailes tradicionales y folkl\u00f3ricos,\u00a0 adem\u00e1s de recitales musicales que reflejaron el patrimonio\u00a0 sirio.<\/p>\n<p style=\"text-align: justify;\"><span style=\"color: #0000ff;\"><strong>Teher\u00e1n: Siria tiene derecho a imponer su soberan\u00eda en todos sus territorios<\/strong><\/span><\/p>\n<p style=\"text-align: justify;\">El Ministerio de Exteriores de Ir\u00e1n afirm\u00f3 que Siria tiene derecho a imponer su soberan\u00eda nacional en todo su territorio.<\/p>\n<p style=\"text-align: justify;\">El curso del proceso de Astan\u00e1 es la \u00fanica manera de resolver la crisis en Siria y la f\u00f3rmula m\u00e1s f\u00e1cil para\u00a0 instaurar la paz y la estabilidad\u201d, dijo el portavoz del Ministerio de Exteriores iran\u00ed, Abbas Moussaoui.<\/p>\n<p style=\"text-align: justify;\">Inst\u00f3 a todos los pa\u00edses del mundo a cooperar para lidiar con el coronavirus.<\/p>\n<p style=\"text-align: justify;\"><strong><span style=\"color: #0000ff;\">Planta de calzados vuelven a producir en provincia de Deraa<\/span><\/strong><\/p>\n<p style=\"text-align: justify;\">La f\u00e1brica de calzados en la provincia sure\u00f1a de Deraa volvi\u00f3 a producir tras una interrupci\u00f3n que dur\u00f3 siete a\u00f1os ya que sufri\u00f3 destrucci\u00f3n y saqueo de su maquinaria por parte de las agrupaciones radicales.<\/p>\n<p style=\"text-align: justify;\">Khaled Khalil, el supervisor de la f\u00e1brica indic\u00f3 que los trabajadores hab\u00edan estado sin trabajo durante aproximadamente siete a\u00f1os, y la planta volvi\u00f3 a funcionar tras suministrarla con las m\u00e1quinas necesarias.<\/p>\n<p style=\"text-align: justify;\">Antes la guerra en 2011, la f\u00e1brica produc\u00eda caso 83 mil pares de zapatos.<\/p>\n<p style=\"text-align: justify;\"><span style=\"color: #0000ff;\"><strong>Dos estadounidenses y un brit\u00e1nico mueren en un ataque con misiles en Iraq<\/strong><\/span><\/p>\n<p style=\"text-align: justify;\">Funcionarios estadounidenses anunciaron hoy la muerte de dos estadounidenses y un brit\u00e1nico en un ataque con misiles contra el campamento Al Taji en la capital iraqu\u00ed, Bagdad.<\/p>\n<p style=\"text-align: justify;\">Reuters cit\u00f3 a los funcionarios diciendo que la informaci\u00f3n preliminar indica la muerte de dos estadounidenses, uno de ellos es soldado, y el otro es contratista, adem\u00e1s de un brit\u00e1nico.<\/p>\n<p style=\"text-align: justify;\">Agregaron que hubo 12 lesionados de las llamadas \u201cFuerzas de Coalici\u00f3n\u201d.<\/p>\n<p style=\"text-align: justify;\">M\u00e1s de una docena de cohetes Katyusha cayeron dentro del campamento Al Taji, al norte de Bagdad, que alberga a las fuerzas estadounidenses.<\/p>\n<p style=\"text-align: justify;\">Para actualizarse m\u00e1s de Siria y ver videos, fotos y reportajes en espa\u00f1ol s\u00edguenos en nuestro sitio <a href=\"https:\/\/www.sana.sy\/es\/\"><strong>https:\/\/www.sana.sy\/es\/<\/strong><\/a>, nuestras p\u00e1ginas en Facebook <a href=\"https:\/\/www.facebook.com\/SANA.Noticias\/\"><strong>https:\/\/www.facebook.com\/SANA.Noticias\/<\/strong><\/a><\/p>\n<p style=\"text-align: justify;\">y en Twitter <a href=\"https:\/\/twitter.com\/SanaAgencia\"><strong>https:\/\/twitter.com\/SanaAgencia<\/strong><\/a><strong>.<\/strong><\/p>\n<p style=\"text-align: justify;\"><span style=\"color: #3366ff;\"><strong>Cont\u00e1ctenos: <\/strong><\/span><\/p>\n<p style=\"text-align: justify;\"><span style=\"color: #3366ff;\"><strong>agenciasiriasana<\/strong><strong>@<\/strong><strong>gmail.com<\/strong><\/span><\/p>\n<p style=\"text-align: justify;\"><span style=\"color: #3366ff;\"><strong>Tel\u00e9fono: 00 963 11 5490700<\/strong><\/span><\/p>\n<p style=\"text-align: justify;\"><span style=\"color: #3366ff;\"><strong>\u00a0<\/strong><\/span><\/p>\n","protected":false},"excerpt":{"rendered":"<p>Damasco, SANA \u00a0Les ofrecemos a continuaci\u00f3n, un resumen de las m\u00e1s destacadas noticias de Siria publicadas por nuestra agencia: Siria est\u00e1 libre del coronavirus e intensifica medidas de precauci\u00f3n en los cruces fronterizos El Ministerio de Salud intensific\u00f3 sus medidas de precauci\u00f3n en varias provincias y cruces fronterizos para prevenir el nuevo coronavirus \u201cCovid 19\u201d. &hellip;<\/p>\n","protected":false},"author":32,"featured_media":134202,"comment_status":"closed","ping_status":"closed","sticky":false,"template":"","format":"standard","meta":{"footnotes":""},"categories":[447,555,597],"tags":[],"class_list":["post-134201","post","type-post","status-publish","format-standard","has-post-thumbnail","","category-local-politica","category-prensa","category-cinta-de-noticias"],"_links":{"self":[{"href":"https:\/\/archive.sana.sy\/es\/index.php?rest_route=\/wp\/v2\/posts\/134201"}],"collection":[{"href":"https:\/\/archive.sana.sy\/es\/index.php?rest_route=\/wp\/v2\/posts"}],"about":[{"href":"https:\/\/archive.sana.sy\/es\/index.php?rest_route=\/wp\/v2\/types\/post"}],"author":[{"embeddable":true,"href":"https:\/\/archive.sana.sy\/es\/index.php?rest_route=\/wp\/v2\/users\/32"}],"replies":[{"embeddable":true,"href":"https:\/\/archive.sana.sy\/es\/index.php?rest_route=%2Fwp%2Fv2%2Fcomments&post=134201"}],"version-history":[{"count":0,"href":"https:\/\/archive.sana.sy\/es\/index.php?rest_route=\/wp\/v2\/posts\/134201\/revisions"}],"wp:featuredmedia":[{"embeddable":true,"href":"https:\/\/archive.sana.sy\/es\/index.php?rest_route=\/wp\/v2\/media\/134202"}],"wp:attachment":[{"href":"https:\/\/archive.sana.sy\/es\/index.php?rest_route=%2Fwp%2Fv2%2Fmedia&parent=134201"}],"wp:term":[{"taxonomy":"category","embeddable":true,"href":"https:\/\/archive.sana.sy\/es\/index.php?rest_route=%2Fwp%2Fv2%2Fcategories&post=134201"},{"taxonomy":"post_tag","embeddable":true,"href":"https:\/\/archive.sana.sy\/es\/index.php?rest_route=%2Fwp%2Fv2%2Ftags&post=134201"}],"curies":[{"name":"wp","href":"https:\/\/api.w.org\/{rel}","templated":true}]}}