{"id":134204,"date":"2020-03-12T11:06:37","date_gmt":"2020-03-12T09:06:37","guid":{"rendered":"http:\/\/sana.sy\/es\/?p=134204"},"modified":"2023-01-10T14:33:52","modified_gmt":"2023-01-10T12:33:52","slug":"8735-postulados-a-candidatura-para-proximas-elecciones-parlamentarias-en-siria","status":"publish","type":"post","link":"https:\/\/archive.sana.sy\/es\/?p=134204","title":{"rendered":"8735 postulados a candidatura para\u00a0\u00a0pr\u00f3ximas elecciones parlamentarias en Siria"},"content":{"rendered":"<p style=\"text-align: justify;\"><strong><span style=\"color: #800000;\">Damasco, SANA<\/span><\/strong><\/p>\n<p style=\"text-align: justify;\">La Suprema Comisi\u00f3n Judicial Electoral anunci\u00f3 que cerr\u00f3 las puertas de sus centros asignados para recibir solicitudes de postulaci\u00f3n a las pr\u00f3ximas elecciones de la Asamblea del Pueblo (Parlamento).<\/p>\n<p style=\"text-align: justify;\">El jefe de la Comisi\u00f3n, Haidar Rahma, revel\u00f3 que el n\u00famero de solicitudes a la candidatura de las elecciones ascendi\u00f3 a 8735 en las diferentes provincias.<\/p>\n<p style=\"text-align: justify;\">El presidente Bashar al-Assad, emiti\u00f3 el 3 del mes en curso el decreto No. 76 del 2020 que fija el 13 de abril pr\u00f3ximo como fecha para las elecciones de la Asamblea del Pueblo (parlamento), para tercera legislatura.<\/p>\n<p style=\"text-align: justify;\">Unos 250 diputados ser\u00e1n elegidos, de los cuales 127 representar\u00e1n a los trabajadores y campesinos.<\/p>\n<p style=\"text-align: justify;\"><strong><span style=\"color: #0000ff;\">F.M\/ E.D<\/span><\/strong><\/p>\n","protected":false},"excerpt":{"rendered":"<p>Damasco, SANA La Suprema Comisi\u00f3n Judicial Electoral anunci\u00f3 que cerr\u00f3 las puertas de sus centros asignados para recibir solicitudes de postulaci\u00f3n a las pr\u00f3ximas elecciones de la Asamblea del Pueblo (Parlamento). El jefe de la Comisi\u00f3n, Haidar Rahma, revel\u00f3 que el n\u00famero de solicitudes a la candidatura de las elecciones ascendi\u00f3 a 8735 en las &hellip;<\/p>\n","protected":false},"author":32,"featured_media":134227,"comment_status":"closed","ping_status":"closed","sticky":false,"template":"","format":"standard","meta":{"footnotes":""},"categories":[447,477,597,476,7541],"tags":[17661],"class_list":["post-134204","post","type-post","status-publish","format-standard","has-post-thumbnail","","category-local-politica","category-noticias-edulcorantes","category-cinta-de-noticias","category-locales","category-ultimas-noticias","tag-8735-postulados-a-candidatura-para-proximas-elecciones-parlamentarias-en-siria"],"_links":{"self":[{"href":"https:\/\/archive.sana.sy\/es\/index.php?rest_route=\/wp\/v2\/posts\/134204"}],"collection":[{"href":"https:\/\/archive.sana.sy\/es\/index.php?rest_route=\/wp\/v2\/posts"}],"about":[{"href":"https:\/\/archive.sana.sy\/es\/index.php?rest_route=\/wp\/v2\/types\/post"}],"author":[{"embeddable":true,"href":"https:\/\/archive.sana.sy\/es\/index.php?rest_route=\/wp\/v2\/users\/32"}],"replies":[{"embeddable":true,"href":"https:\/\/archive.sana.sy\/es\/index.php?rest_route=%2Fwp%2Fv2%2Fcomments&post=134204"}],"version-history":[{"count":0,"href":"https:\/\/archive.sana.sy\/es\/index.php?rest_route=\/wp\/v2\/posts\/134204\/revisions"}],"wp:featuredmedia":[{"embeddable":true,"href":"https:\/\/archive.sana.sy\/es\/index.php?rest_route=\/wp\/v2\/media\/134227"}],"wp:attachment":[{"href":"https:\/\/archive.sana.sy\/es\/index.php?rest_route=%2Fwp%2Fv2%2Fmedia&parent=134204"}],"wp:term":[{"taxonomy":"category","embeddable":true,"href":"https:\/\/archive.sana.sy\/es\/index.php?rest_route=%2Fwp%2Fv2%2Fcategories&post=134204"},{"taxonomy":"post_tag","embeddable":true,"href":"https:\/\/archive.sana.sy\/es\/index.php?rest_route=%2Fwp%2Fv2%2Ftags&post=134204"}],"curies":[{"name":"wp","href":"https:\/\/api.w.org\/{rel}","templated":true}]}}