{"id":134464,"date":"2020-03-14T21:37:54","date_gmt":"2020-03-14T19:37:54","guid":{"rendered":"http:\/\/sana.sy\/es\/?p=134464"},"modified":"2020-03-14T23:04:03","modified_gmt":"2020-03-14T21:04:03","slug":"los-zapadores-hacen-accesible-la-autopista-internacional-hama-alepo-en-el-punto-de-maar-hattat","status":"publish","type":"post","link":"https:\/\/archive.sana.sy\/es\/?p=134464","title":{"rendered":"Los zapadores hacen accesible la autopista Hama-Alepo en el punto de Maar Hattat"},"content":{"rendered":"<p><span style=\"color: #800000;\">Idleb, SANA<\/span><\/p>\n<p style=\"text-align: justify;\">Las autoridades competentes y zapadores del Ej\u00e9rcito \u00e1rabe sirio concluyeron el aseguramiento de la autopista internacional Hama-Alepo en la zona de Maar Hattat, despu\u00e9s de llevar a cabo trabajos de desescombro y desminado cerca de un punto de las tropas de ocupaci\u00f3n turcas.<\/p>\n<p>El reportero de SANA inform\u00f3 que efectivos de ingenier\u00eda en el ej\u00e9rcito peinaron ambos lados de la autopista internacional en la zona de Maar Hattat donde desactivaron minas y cargas explosivas, mientras tanto, maquinarias de Transporte Vial quitaron los terraplenes levantados junto a la autopista que ya esta segura y transitable.<\/p>\n<p style=\"text-align: justify;\">El director de Transporte Vial en Hama, Kheder Fattoum, dijo en una declaraci\u00f3n que buld\u00f3ceres y camiones comenzaron la evacuaci\u00f3n de terraplenes y reabrieron la carretera ante el tr\u00e1fico civil lo cual activa el tr\u00e1nsito por toda la autopista internacional Damasco-Alepo.<\/p>\n<p style=\"text-align: justify;\">En declaraciones al reportero varios ciudadanos expresaron su alivio por la reapertura de la autopista que reduce el tramo de viaje pues antes ten\u00edan que circunvalar la localidad de Maar Hattat para retomar la autopista debido a los terraplenes y retenes instalados por los soldados de ocupaci\u00f3n turcos.<\/p>\n<p><span style=\"color: #0000ff;\">RSH\/ RR<\/span><\/p>\n<p>&nbsp;<\/p>\n<p><strong>S\u00edganos tambi\u00e9n por:<\/strong><\/p>\n<p><a href=\"https:\/\/www.facebook.com\/Agencia.SANA\/https:\/\/t.me\/AgenciasiriaSANAhttps:\/\/twitter.com\/SanaAgencia\" target=\"_blank\" rel=\"nofollow noopener noreferrer\" data-saferedirecturl=\"https:\/\/www.google.com\/url?q=https:\/\/www.facebook.com\/Agencia.SANA\/https:\/\/t.me\/AgenciasiriaSANAhttps:\/\/twitter.com\/SanaAgencia&amp;source=gmail&amp;ust=1584304071470000&amp;usg=AFQjCNE8Sdty_iLWVGiIn6bY4ZmiBbMdaQ\">https:\/\/www.facebook.com\/<wbr \/>Agencia.SANA\/\u00a0<\/a><\/p>\n<p><a href=\"https:\/\/www.facebook.com\/Agencia.SANA\/https:\/\/t.me\/AgenciasiriaSANAhttps:\/\/twitter.com\/SanaAgencia\" target=\"_blank\" rel=\"nofollow noopener noreferrer\" data-saferedirecturl=\"https:\/\/www.google.com\/url?q=https:\/\/www.facebook.com\/Agencia.SANA\/https:\/\/t.me\/AgenciasiriaSANAhttps:\/\/twitter.com\/SanaAgencia&amp;source=gmail&amp;ust=1584304071470000&amp;usg=AFQjCNE8Sdty_iLWVGiIn6bY4ZmiBbMdaQ\">https:\/\/t.me\/AgenciasiriaSANA\u00a0<\/a><\/p>\n<p><a href=\"https:\/\/www.facebook.com\/Agencia.SANA\/https:\/\/t.me\/AgenciasiriaSANAhttps:\/\/twitter.com\/SanaAgencia\" target=\"_blank\" rel=\"nofollow noopener noreferrer\" data-saferedirecturl=\"https:\/\/www.google.com\/url?q=https:\/\/www.facebook.com\/Agencia.SANA\/https:\/\/t.me\/AgenciasiriaSANAhttps:\/\/twitter.com\/SanaAgencia&amp;source=gmail&amp;ust=1584304071470000&amp;usg=AFQjCNE8Sdty_iLWVGiIn6bY4ZmiBbMdaQ\">https:\/\/twitter.com\/<wbr \/>SanaAgencia<\/a><\/p>\n","protected":false},"excerpt":{"rendered":"<p>Idleb, SANA Las autoridades competentes y zapadores del Ej\u00e9rcito \u00e1rabe sirio concluyeron el aseguramiento de la autopista internacional Hama-Alepo en la zona de Maar Hattat, despu\u00e9s de llevar a cabo trabajos de desescombro y desminado cerca de un punto de las tropas de ocupaci\u00f3n turcas. El reportero de SANA inform\u00f3 que efectivos de ingenier\u00eda en &hellip;<\/p>\n","protected":false},"author":31,"featured_media":134465,"comment_status":"closed","ping_status":"closed","sticky":false,"template":"","format":"standard","meta":{"footnotes":""},"categories":[597,476,583],"tags":[],"class_list":["post-134464","post","type-post","status-publish","format-standard","has-post-thumbnail","","category-cinta-de-noticias","category-locales","category-slide"],"_links":{"self":[{"href":"https:\/\/archive.sana.sy\/es\/index.php?rest_route=\/wp\/v2\/posts\/134464"}],"collection":[{"href":"https:\/\/archive.sana.sy\/es\/index.php?rest_route=\/wp\/v2\/posts"}],"about":[{"href":"https:\/\/archive.sana.sy\/es\/index.php?rest_route=\/wp\/v2\/types\/post"}],"author":[{"embeddable":true,"href":"https:\/\/archive.sana.sy\/es\/index.php?rest_route=\/wp\/v2\/users\/31"}],"replies":[{"embeddable":true,"href":"https:\/\/archive.sana.sy\/es\/index.php?rest_route=%2Fwp%2Fv2%2Fcomments&post=134464"}],"version-history":[{"count":0,"href":"https:\/\/archive.sana.sy\/es\/index.php?rest_route=\/wp\/v2\/posts\/134464\/revisions"}],"wp:featuredmedia":[{"embeddable":true,"href":"https:\/\/archive.sana.sy\/es\/index.php?rest_route=\/wp\/v2\/media\/134465"}],"wp:attachment":[{"href":"https:\/\/archive.sana.sy\/es\/index.php?rest_route=%2Fwp%2Fv2%2Fmedia&parent=134464"}],"wp:term":[{"taxonomy":"category","embeddable":true,"href":"https:\/\/archive.sana.sy\/es\/index.php?rest_route=%2Fwp%2Fv2%2Fcategories&post=134464"},{"taxonomy":"post_tag","embeddable":true,"href":"https:\/\/archive.sana.sy\/es\/index.php?rest_route=%2Fwp%2Fv2%2Ftags&post=134464"}],"curies":[{"name":"wp","href":"https:\/\/api.w.org\/{rel}","templated":true}]}}