{"id":134469,"date":"2020-03-14T16:13:56","date_gmt":"2020-03-14T14:13:56","guid":{"rendered":"http:\/\/sana.sy\/es\/?p=134469"},"modified":"2020-03-14T23:03:40","modified_gmt":"2020-03-14T21:03:40","slug":"suspenden-rezos-colectivos-en-las-mezquitas-para-prevenirse-del-coronavirus","status":"publish","type":"post","link":"https:\/\/archive.sana.sy\/es\/?p=134469","title":{"rendered":"Suspenden rezos colectivos en las mezquitas para prevenirse del coronavirus"},"content":{"rendered":"<p><span style=\"color: #800000;\">Damasco, SANA<\/span><\/p>\n<p style=\"text-align: justify;\">El Consejo de Ulemas del Ministerio de Asuntos Religiosos (Awqaf) y la Uni\u00f3n de Ulemas del Levante con sede en Damasco emitieron este s\u00e1bado una fatwa que suspende los rezos colectivos en todas las mezquitas sirias desde el domingo 15 de marzo en curso hasta el 4 de abril pr\u00f3ximo.<\/p>\n<p style=\"text-align: justify;\">La fatwa emitida tras una reuni\u00f3n en la sede del Ministerio, estipula tambi\u00e9n la suspensi\u00f3n del serm\u00f3n del viernes y todos los cursos de instrucci\u00f3n religiosa.<\/p>\n<p style=\"text-align: justify;\">Seg\u00fan el Ministerio de Awqaf, la fatwa forma parte de los esfuerzos gubernamentales por evitar la propagaci\u00f3n de Coronavirus que fue declarado por las OMS una pandemia mundial.<\/p>\n<p style=\"text-align: justify;\">Seg\u00fan las autoridades de salud y la OMS, no se han registrado hasta la fecha casos de coronavirus.<\/p>\n<p style=\"text-align: justify;\">El gobierno sirio tom\u00f3 una serie de medidas de precauci\u00f3n como suspender las clases, reducir las horas laborales, limitar las visitas con pa\u00edses vecinos y suspender los eventos deportivos, sociales y religiosos, adem\u00e1s de posponer las elecciones parlamentarias y tomar medidas en los cruces fronterizos.<\/p>\n<p><span style=\"color: #0000ff;\">FM\/ RR<\/span><\/p>\n<p><img decoding=\"async\" src=\"https:\/\/www.sana.sy\/wp-content\/uploads\/2020\/03\/9-60-660x330.jpg\" \/><\/p>\n<p>&nbsp;<\/p>\n<p><strong>S\u00edganos tambi\u00e9n por:<\/strong><\/p>\n<p><a href=\"https:\/\/www.facebook.com\/Agencia.SANA\/https:\/\/t.me\/AgenciasiriaSANAhttps:\/\/twitter.com\/SanaAgencia\" target=\"_blank\" rel=\"nofollow noopener noreferrer\" data-saferedirecturl=\"https:\/\/www.google.com\/url?q=https:\/\/www.facebook.com\/Agencia.SANA\/https:\/\/t.me\/AgenciasiriaSANAhttps:\/\/twitter.com\/SanaAgencia&amp;source=gmail&amp;ust=1584304071470000&amp;usg=AFQjCNE8Sdty_iLWVGiIn6bY4ZmiBbMdaQ\">https:\/\/www.facebook.com\/<wbr \/>Agencia.SANA\/\u00a0<\/a><\/p>\n<p><a href=\"https:\/\/www.facebook.com\/Agencia.SANA\/https:\/\/t.me\/AgenciasiriaSANAhttps:\/\/twitter.com\/SanaAgencia\" target=\"_blank\" rel=\"nofollow noopener noreferrer\" data-saferedirecturl=\"https:\/\/www.google.com\/url?q=https:\/\/www.facebook.com\/Agencia.SANA\/https:\/\/t.me\/AgenciasiriaSANAhttps:\/\/twitter.com\/SanaAgencia&amp;source=gmail&amp;ust=1584304071470000&amp;usg=AFQjCNE8Sdty_iLWVGiIn6bY4ZmiBbMdaQ\">https:\/\/t.me\/AgenciasiriaSANA\u00a0<\/a><\/p>\n<p><a href=\"https:\/\/www.facebook.com\/Agencia.SANA\/https:\/\/t.me\/AgenciasiriaSANAhttps:\/\/twitter.com\/SanaAgencia\" target=\"_blank\" rel=\"nofollow noopener noreferrer\" data-saferedirecturl=\"https:\/\/www.google.com\/url?q=https:\/\/www.facebook.com\/Agencia.SANA\/https:\/\/t.me\/AgenciasiriaSANAhttps:\/\/twitter.com\/SanaAgencia&amp;source=gmail&amp;ust=1584304071470000&amp;usg=AFQjCNE8Sdty_iLWVGiIn6bY4ZmiBbMdaQ\">https:\/\/twitter.com\/<wbr \/>SanaAgencia<\/a><\/p>\n","protected":false},"excerpt":{"rendered":"<p>Damasco, SANA El Consejo de Ulemas del Ministerio de Asuntos Religiosos (Awqaf) y la Uni\u00f3n de Ulemas del Levante con sede en Damasco emitieron este s\u00e1bado una fatwa que suspende los rezos colectivos en todas las mezquitas sirias desde el domingo 15 de marzo en curso hasta el 4 de abril pr\u00f3ximo. La fatwa emitida &hellip;<\/p>\n","protected":false},"author":31,"featured_media":134470,"comment_status":"closed","ping_status":"closed","sticky":false,"template":"","format":"standard","meta":{"footnotes":""},"categories":[597,476,7541],"tags":[],"class_list":["post-134469","post","type-post","status-publish","format-standard","has-post-thumbnail","","category-cinta-de-noticias","category-locales","category-ultimas-noticias"],"_links":{"self":[{"href":"https:\/\/archive.sana.sy\/es\/index.php?rest_route=\/wp\/v2\/posts\/134469"}],"collection":[{"href":"https:\/\/archive.sana.sy\/es\/index.php?rest_route=\/wp\/v2\/posts"}],"about":[{"href":"https:\/\/archive.sana.sy\/es\/index.php?rest_route=\/wp\/v2\/types\/post"}],"author":[{"embeddable":true,"href":"https:\/\/archive.sana.sy\/es\/index.php?rest_route=\/wp\/v2\/users\/31"}],"replies":[{"embeddable":true,"href":"https:\/\/archive.sana.sy\/es\/index.php?rest_route=%2Fwp%2Fv2%2Fcomments&post=134469"}],"version-history":[{"count":0,"href":"https:\/\/archive.sana.sy\/es\/index.php?rest_route=\/wp\/v2\/posts\/134469\/revisions"}],"wp:featuredmedia":[{"embeddable":true,"href":"https:\/\/archive.sana.sy\/es\/index.php?rest_route=\/wp\/v2\/media\/134470"}],"wp:attachment":[{"href":"https:\/\/archive.sana.sy\/es\/index.php?rest_route=%2Fwp%2Fv2%2Fmedia&parent=134469"}],"wp:term":[{"taxonomy":"category","embeddable":true,"href":"https:\/\/archive.sana.sy\/es\/index.php?rest_route=%2Fwp%2Fv2%2Fcategories&post=134469"},{"taxonomy":"post_tag","embeddable":true,"href":"https:\/\/archive.sana.sy\/es\/index.php?rest_route=%2Fwp%2Fv2%2Ftags&post=134469"}],"curies":[{"name":"wp","href":"https:\/\/api.w.org\/{rel}","templated":true}]}}