{"id":134492,"date":"2020-03-15T09:52:45","date_gmt":"2020-03-15T07:52:45","guid":{"rendered":"http:\/\/sana.sy\/es\/?p=134492"},"modified":"2023-01-10T15:34:43","modified_gmt":"2023-01-10T13:34:43","slug":"titulares-nacionales-e-internacionales-de-la-prensa-15-de-marzo-2020","status":"publish","type":"post","link":"https:\/\/archive.sana.sy\/es\/?p=134492","title":{"rendered":"Titulares Nacionales e Internacionales de la Prensa, 15 de marzo 2020"},"content":{"rendered":"<div>\n<p><strong><span style=\"color: #800000;\"><span lang=\"ES-TRAD\">Damasco, SANA<\/span><\/span><\/strong><\/p>\n<p><b><span lang=\"ES-TRAD\">Los principales diarios y medios de comunicaci\u00f3n sirios destacaron los siguientes titulares del \u00e1mbito nacional e internacional:<\/span><\/b><\/p>\n<p>&#8211;\u00a0Siria aplaza elecciones parlamentarias como medida preventiva del coronavirus<\/p>\n<p>&#8211;\u00a0Comit\u00e9 Judicial Electoral dice que no hay cambios en los procedimientos anteriores del proceso electoral para la Asamblea Popular.<\/p>\n<p>&#8211;\u00a0El Ministerio de Salud anuncia que no hay casos confirmadas con Coronavirus en Siria hasta el d\u00eda de hoy.<\/p>\n<p>&#8211;\u00a0Suspenden rezos colectivos en las mezquitas para prevenirse del coronavirus<\/p>\n<p>&#8211;\u00a0M\u00e9dicos sirios realizan una microcirug\u00eda novedosa para una ni\u00f1a de seis a\u00f1os<\/p>\n<p>&#8211;\u00a0Los zapadores hacen accesible la autopista Hama-Alepo en el punto de Maar Hattat<\/p>\n<p>&#8211;\u00a0La OPAQ intimida a inspectores que refutaron su narrativa sobre el supuesto ataque qu\u00edmico enDouma, Siria<\/p>\n<p>&#8211;\u00a0Mercenarios proturcos contin\u00faan sus saqueos en el campo de Hasakeh<\/p>\n<p>&#8211;\u00a0Despu\u00e9s de la suspensi\u00f3n de las clases hasta el pr\u00f3ximo 2 de abril, Ministerio de Educaci\u00f3n anuncia plan para compensar las p\u00e9rdidas educativas de los estudiantes.<\/p>\n<p>&#8211;\u00a0Ministerio de Comercio Interior y Protecci\u00f3n del Consumidor refuerza su control en los mercados para controlar los precios y evitar el monopolio de los productos.<\/p>\n<p>&#8211;\u00a0Ministro de Asuntos Religiosos asegura que contener la propagaci\u00f3n del virus Corona requiere disciplina \u00e9tica y social en todos los sectores.<\/p>\n<p>&#8211;\u00a0Las compa\u00f1\u00edas energ\u00e9ticas estadounidenses perdieron 196 mil millones de USD la semana pasada.<\/p>\n<p>&#8211;\u00a0Coronavirus sacude la econom\u00eda mundial.<\/p>\n<p>&#8211;\u00a0Grosbich insta a levantar medidas econ\u00f3micas injustas contra Siria<\/p>\n<p>&#8211;\u00a0Atacan con 10 cohetes al campamento Al Taji en Bagdad que incluye bases de EE.UU<\/p>\n<p>&#8211;\u00a0El primer ministro de Jap\u00f3n confirma la celebraci\u00f3n de los Juegos Ol\u00edmpicos de Tokio 2020 en su fecha fijada.<\/p>\n<p>&#8211;\u00a0El presidente de la Federaci\u00f3n Serbia de F\u00fatbol est\u00e1 infectado con el virus Corona.<\/p>\n<p>&#8211;\u00a0Un terremoto de 4 grados sacudi\u00f3 a Qom, al sur de Teher\u00e1n.<\/p>\n<p>&#8211;\u00a0Trump anuncia que se someti\u00f3 a los ex\u00e1menes de Coronavirus y est\u00e1 esperando los resultados.<\/p>\n<p>&#8211;\u00a0La agresi\u00f3n saudita comete 207 nuevas violaciones del acuerdo de alto el fuego.<\/p>\n<p>&#8211;\u00a0Registran nuevas infecciones y muertes por Covid-19 en varios pa\u00edses del mundo.<\/p>\n<p>&#8211;\u00a0Defensas a\u00e9reas yemen\u00edes disparan contra tres aviones de combate del agresor saudita.<\/p>\n<p>&#8211;\u00a0Colonos israel\u00edes atacan a los palestinos al este de la ciudad de Ramalah.<\/p>\n<p>&#8211;\u00a0Rohani dice que luchar contra el Covid-19 requiere acciones coordinadas regionales e internacionales.<\/p>\n<p>&#8211;\u00a0A pesar de los temores de Coronavirus, una manifestaci\u00f3n de los chalecos amarillas en Paris.<\/p>\n<p>&#8211;\u00a0El Ministerio de Exteriores de Yemen condena la agresi\u00f3n estadounidense contra sitios e instalaciones iraqu\u00edes.<\/p>\n<p>&#8211;\u00a0La agresi\u00f3n saudita contin\u00faa sus ataques contra varias regiones yemen\u00edes.<\/p>\n<p><strong><span style=\"color: #0000ff;\">FM\/WS<\/span><\/strong><\/p>\n<p><strong>S\u00edganos tambi\u00e9n por:<\/strong><\/p>\n<p><a href=\"https:\/\/www.facebook.com\/Agencia.SANA\/https:\/\/t.me\/AgenciasiriaSANAhttps:\/\/twitter.com\/SanaAgencia\" target=\"_blank\" rel=\"nofollow noopener noreferrer\" data-saferedirecturl=\"https:\/\/www.google.com\/url?q=https:\/\/www.facebook.com\/Agencia.SANA\/https:\/\/t.me\/AgenciasiriaSANAhttps:\/\/twitter.com\/SanaAgencia&amp;source=gmail&amp;ust=1584304071470000&amp;usg=AFQjCNE8Sdty_iLWVGiIn6bY4ZmiBbMdaQ\">https:\/\/www.facebook.com\/<wbr \/>Agencia.SANA\/\u00a0<\/a><\/p>\n<p><a href=\"https:\/\/www.facebook.com\/Agencia.SANA\/https:\/\/t.me\/AgenciasiriaSANAhttps:\/\/twitter.com\/SanaAgencia\" target=\"_blank\" rel=\"nofollow noopener noreferrer\" data-saferedirecturl=\"https:\/\/www.google.com\/url?q=https:\/\/www.facebook.com\/Agencia.SANA\/https:\/\/t.me\/AgenciasiriaSANAhttps:\/\/twitter.com\/SanaAgencia&amp;source=gmail&amp;ust=1584304071470000&amp;usg=AFQjCNE8Sdty_iLWVGiIn6bY4ZmiBbMdaQ\">https:\/\/t.me\/AgenciasiriaSANA\u00a0<\/a><\/p>\n<p><a href=\"https:\/\/www.facebook.com\/Agencia.SANA\/https:\/\/t.me\/AgenciasiriaSANAhttps:\/\/twitter.com\/SanaAgencia\" target=\"_blank\" rel=\"nofollow noopener noreferrer\" data-saferedirecturl=\"https:\/\/www.google.com\/url?q=https:\/\/www.facebook.com\/Agencia.SANA\/https:\/\/t.me\/AgenciasiriaSANAhttps:\/\/twitter.com\/SanaAgencia&amp;source=gmail&amp;ust=1584304071470000&amp;usg=AFQjCNE8Sdty_iLWVGiIn6bY4ZmiBbMdaQ\">https:\/\/twitter.com\/<wbr \/>SanaAgencia<\/a><\/p>\n<div class=\"addtoany_share_save_container addtoany_content addtoany_content_bottom\">\n<div class=\"a2a_kit a2a_kit_size_32 addtoany_list\" data-a2a-url=\"http:\/\/www.sana.sy\/es\/?p=134452\" data-a2a-title=\"La OPAQ intimida a inspectores que refutaron su narrativa sobre el supuesto ataque qu\u00edmico en Douma, Siria\"><\/div>\n<\/div>\n<\/div>\n<p>&nbsp;<\/p>\n","protected":false},"excerpt":{"rendered":"<p>Damasco, SANA Los principales diarios y medios de comunicaci\u00f3n sirios destacaron los siguientes titulares del \u00e1mbito nacional e internacional: &#8211;\u00a0Siria aplaza elecciones parlamentarias como medida preventiva del coronavirus &#8211;\u00a0Comit\u00e9 Judicial Electoral dice que no hay cambios en los procedimientos anteriores del proceso electoral para la Asamblea Popular. &#8211;\u00a0El Ministerio de Salud anuncia que no hay &hellip;<\/p>\n","protected":false},"author":35,"featured_media":134495,"comment_status":"closed","ping_status":"closed","sticky":false,"template":"","format":"standard","meta":{"footnotes":""},"categories":[447,597],"tags":[],"class_list":["post-134492","post","type-post","status-publish","format-standard","has-post-thumbnail","","category-local-politica","category-cinta-de-noticias"],"_links":{"self":[{"href":"https:\/\/archive.sana.sy\/es\/index.php?rest_route=\/wp\/v2\/posts\/134492"}],"collection":[{"href":"https:\/\/archive.sana.sy\/es\/index.php?rest_route=\/wp\/v2\/posts"}],"about":[{"href":"https:\/\/archive.sana.sy\/es\/index.php?rest_route=\/wp\/v2\/types\/post"}],"author":[{"embeddable":true,"href":"https:\/\/archive.sana.sy\/es\/index.php?rest_route=\/wp\/v2\/users\/35"}],"replies":[{"embeddable":true,"href":"https:\/\/archive.sana.sy\/es\/index.php?rest_route=%2Fwp%2Fv2%2Fcomments&post=134492"}],"version-history":[{"count":0,"href":"https:\/\/archive.sana.sy\/es\/index.php?rest_route=\/wp\/v2\/posts\/134492\/revisions"}],"wp:featuredmedia":[{"embeddable":true,"href":"https:\/\/archive.sana.sy\/es\/index.php?rest_route=\/wp\/v2\/media\/134495"}],"wp:attachment":[{"href":"https:\/\/archive.sana.sy\/es\/index.php?rest_route=%2Fwp%2Fv2%2Fmedia&parent=134492"}],"wp:term":[{"taxonomy":"category","embeddable":true,"href":"https:\/\/archive.sana.sy\/es\/index.php?rest_route=%2Fwp%2Fv2%2Fcategories&post=134492"},{"taxonomy":"post_tag","embeddable":true,"href":"https:\/\/archive.sana.sy\/es\/index.php?rest_route=%2Fwp%2Fv2%2Ftags&post=134492"}],"curies":[{"name":"wp","href":"https:\/\/api.w.org\/{rel}","templated":true}]}}