{"id":134498,"date":"2020-03-15T13:14:40","date_gmt":"2020-03-15T11:14:40","guid":{"rendered":"http:\/\/sana.sy\/es\/?p=134498"},"modified":"2020-03-15T16:54:29","modified_gmt":"2020-03-15T14:54:29","slug":"ministerio-de-educacion-anuncia-medidas-para-compensar-a-estudiantes-de-las-clases-perdidas-por-coronavirus","status":"publish","type":"post","link":"https:\/\/archive.sana.sy\/es\/?p=134498","title":{"rendered":"Ministerio de Educaci\u00f3n anuncia medidas para compensar a estudiantes de las clases perdidas por Coronavirus"},"content":{"rendered":"<div dir=\"ltr\">\n<div>\n<p style=\"text-align: justify;\"><strong><span style=\"color: #800000;\">Damasco, SANA<\/span><\/strong><\/p>\n<p style=\"text-align: justify;\">Tras la suspensi\u00f3n de las clases en todos los niveles de ense\u00f1anza del 14 de marzo al 2 de abril, el Ministerio de Educaci\u00f3n anunci\u00f3 su plan que incluye tomar las medidas necesarias para compensar las clases perdidas, adem\u00e1s de esterilizar las instalaciones sanitarias en los colegios.<\/p>\n<p style=\"text-align: justify;\">El ministro de Educaci\u00f3n, Imad Mowafaq Al-Azeb, explic\u00f3 durante una conferencia de prensa, que se intensificar\u00e1n las horas de clases a trav\u00e9s\u00a0\u00a0del canal\u00a0\u00a0educativo sirio y otros sitios educativos del Ministerio.<\/p>\n<p style=\"text-align: justify;\">\u201cLa fecha de los ex\u00e1menes no cambiar\u00e1 teniendo en cuenta que se cumpli\u00f3 el 90% del plan de estudio antes del anuncio de la suspensi\u00f3n de clases\u201d, agreg\u00f3.<\/p>\n<p style=\"text-align: justify;\">El titular indic\u00f3 que el Departamento de Salud Escolar seguir\u00e1\u00a0\u00a0tomando las medidas de seguridad y protecci\u00f3n en las escuelas durante el per\u00edodo de suspensi\u00f3n de clases y se seguir\u00e1 supervisando la limpieza de las escuelas y esterilizando las instalaciones de salud por todos los medios disponibles.<\/p>\n<p style=\"text-align: justify;\">&#8220;Se anunciar\u00e1 un plan alternativo en caso de pr\u00f3rroga del per\u00edodo\u00a0\u00a0de suspensi\u00f3n&#8221;, se\u00f1al\u00f3.<\/p>\n<p style=\"text-align: justify;\">Anteriormente el gobierno sirio hab\u00eda tomado una serie de medidas de precauci\u00f3n para hacer frente al Coronavirus, y las autoridades sanitarias pertinentes afirmaron que hasta el momento no se hab\u00eda registrado ning\u00fan caso del virus en Siria.<\/p>\n<p><span style=\"color: #0000ff;\"><strong>W.S\/F.M<\/strong><\/span><\/p>\n<p>S\u00edganos tambi\u00e9n por:<\/p>\n<p>https:\/\/www.facebook.com\/Agencia.SANA\/<\/p>\n<p>https:\/\/t.me\/AgenciasiriaSANA<\/p>\n<p>https:\/\/twitter.com\/SanaAgencia<\/p>\n<p style=\"text-align: justify;\">\n<\/div>\n<p style=\"text-align: justify;\"><span style=\"color: #888888;\">\u00a0<\/span><\/p>\n<\/div>\n<div style=\"text-align: justify;\"><\/div>\n<p style=\"text-align: justify;\">\n","protected":false},"excerpt":{"rendered":"<p>Damasco, SANA Tras la suspensi\u00f3n de las clases en todos los niveles de ense\u00f1anza del 14 de marzo al 2 de abril, el Ministerio de Educaci\u00f3n anunci\u00f3 su plan que incluye tomar las medidas necesarias para compensar las clases perdidas, adem\u00e1s de esterilizar las instalaciones sanitarias en los colegios. El ministro de Educaci\u00f3n, Imad Mowafaq &hellip;<\/p>\n","protected":false},"author":35,"featured_media":134507,"comment_status":"closed","ping_status":"closed","sticky":false,"template":"","format":"standard","meta":{"footnotes":""},"categories":[597,476,7541],"tags":[],"class_list":["post-134498","post","type-post","status-publish","format-standard","has-post-thumbnail","","category-cinta-de-noticias","category-locales","category-ultimas-noticias"],"_links":{"self":[{"href":"https:\/\/archive.sana.sy\/es\/index.php?rest_route=\/wp\/v2\/posts\/134498"}],"collection":[{"href":"https:\/\/archive.sana.sy\/es\/index.php?rest_route=\/wp\/v2\/posts"}],"about":[{"href":"https:\/\/archive.sana.sy\/es\/index.php?rest_route=\/wp\/v2\/types\/post"}],"author":[{"embeddable":true,"href":"https:\/\/archive.sana.sy\/es\/index.php?rest_route=\/wp\/v2\/users\/35"}],"replies":[{"embeddable":true,"href":"https:\/\/archive.sana.sy\/es\/index.php?rest_route=%2Fwp%2Fv2%2Fcomments&post=134498"}],"version-history":[{"count":0,"href":"https:\/\/archive.sana.sy\/es\/index.php?rest_route=\/wp\/v2\/posts\/134498\/revisions"}],"wp:featuredmedia":[{"embeddable":true,"href":"https:\/\/archive.sana.sy\/es\/index.php?rest_route=\/wp\/v2\/media\/134507"}],"wp:attachment":[{"href":"https:\/\/archive.sana.sy\/es\/index.php?rest_route=%2Fwp%2Fv2%2Fmedia&parent=134498"}],"wp:term":[{"taxonomy":"category","embeddable":true,"href":"https:\/\/archive.sana.sy\/es\/index.php?rest_route=%2Fwp%2Fv2%2Fcategories&post=134498"},{"taxonomy":"post_tag","embeddable":true,"href":"https:\/\/archive.sana.sy\/es\/index.php?rest_route=%2Fwp%2Fv2%2Ftags&post=134498"}],"curies":[{"name":"wp","href":"https:\/\/api.w.org\/{rel}","templated":true}]}}