{"id":134550,"date":"2020-03-15T18:06:22","date_gmt":"2020-03-15T16:06:22","guid":{"rendered":"http:\/\/sana.sy\/es\/?p=134550"},"modified":"2023-01-10T14:33:47","modified_gmt":"2023-01-10T12:33:47","slug":"terroristas-proturcos-bloquean-la-autopista-m-4-entre-alepo-latakia","status":"publish","type":"post","link":"https:\/\/archive.sana.sy\/es\/?p=134550","title":{"rendered":"Terroristas proturcos bloquean la autopista M-4 entre Alepo y Latakia"},"content":{"rendered":"<p style=\"text-align: justify;\"><strong><span style=\"color: #800000;\">Idleb, SANA<\/span><\/strong><\/p>\n<p style=\"text-align: justify;\">Los grupos terroristas respaldados por el r\u00e9gimen turco en el sur de la provincia de Idleb, bloquearon la carretera M-4 entre Alepo y Latakia, e impidieron cualquier intento de reabrirla al tr\u00e1fico.<\/p>\n<p style=\"text-align: justify;\">Grupos terroristas apoyados por Turqu\u00eda interceptaron las patrullas en la referida autopista y tomaron a decenas de civiles como escudos humanos para encender neum\u00e1ticos y levantar barreras, report\u00f3 el corresponsal de SANA.<\/p>\n<p style=\"text-align: justify;\"><img loading=\"lazy\" decoding=\"async\" class=\"size-medium wp-image-134551 alignleft\" src=\"http:\/\/sana.sy\/es\/wp-content\/uploads\/2020\/03\/2-173-1-300x175.jpg\" alt=\"\" width=\"300\" height=\"175\" srcset=\"https:\/\/archive.sana.sy\/es\/wp-content\/uploads\/2020\/03\/2-173-1-300x175.jpg 300w, https:\/\/archive.sana.sy\/es\/wp-content\/uploads\/2020\/03\/2-173-1-150x88.jpg 150w, https:\/\/archive.sana.sy\/es\/wp-content\/uploads\/2020\/03\/2-173-1.jpg 660w\" sizes=\"(max-width: 300px) 100vw, 300px\" \/>Videos difundidos en las redes sociales mostraban a grupos terroristas armados encendiendo llantas y refugi\u00e1ndose detr\u00e1s de docenas de civiles para impedir la circulaci\u00f3n de cualquier veh\u00edculo por la autov\u00eda.<\/p>\n<p style=\"text-align: justify;\">A su vez, el Ministerio de Defensa ruso indic\u00f3 que se llev\u00f3 a cabo la primera patrulla conjunta con las fuerzas del r\u00e9gimen turco en una parte de la carretera M-4 en la regi\u00f3n de Idleb, e indic\u00f3 que la ruta de patrullaje se acort\u00f3 debido al bloqueo deliberado y planificado de la carretera por parte de grupos terroristas.<\/p>\n<p style=\"text-align: justify;\"><span style=\"color: #0000ff;\"><strong>F.M<\/strong><\/span><\/p>\n","protected":false},"excerpt":{"rendered":"<p>Idleb, SANA Los grupos terroristas respaldados por el r\u00e9gimen turco en el sur de la provincia de Idleb, bloquearon la carretera M-4 entre Alepo y Latakia, e impidieron cualquier intento de reabrirla al tr\u00e1fico. Grupos terroristas apoyados por Turqu\u00eda interceptaron las patrullas en la referida autopista y tomaron a decenas de civiles como escudos humanos &hellip;<\/p>\n","protected":false},"author":34,"featured_media":134552,"comment_status":"closed","ping_status":"closed","sticky":false,"template":"","format":"standard","meta":{"footnotes":""},"categories":[447,477,597,573,476,457,7541],"tags":[],"class_list":["post-134550","post","type-post","status-publish","format-standard","has-post-thumbnail","","category-local-politica","category-noticias-edulcorantes","category-cinta-de-noticias","category-la-realidad-de-los-acontecimientos-en-siria","category-locales","category-noticias-arabe-internacional-politica","category-ultimas-noticias"],"_links":{"self":[{"href":"https:\/\/archive.sana.sy\/es\/index.php?rest_route=\/wp\/v2\/posts\/134550"}],"collection":[{"href":"https:\/\/archive.sana.sy\/es\/index.php?rest_route=\/wp\/v2\/posts"}],"about":[{"href":"https:\/\/archive.sana.sy\/es\/index.php?rest_route=\/wp\/v2\/types\/post"}],"author":[{"embeddable":true,"href":"https:\/\/archive.sana.sy\/es\/index.php?rest_route=\/wp\/v2\/users\/34"}],"replies":[{"embeddable":true,"href":"https:\/\/archive.sana.sy\/es\/index.php?rest_route=%2Fwp%2Fv2%2Fcomments&post=134550"}],"version-history":[{"count":0,"href":"https:\/\/archive.sana.sy\/es\/index.php?rest_route=\/wp\/v2\/posts\/134550\/revisions"}],"wp:featuredmedia":[{"embeddable":true,"href":"https:\/\/archive.sana.sy\/es\/index.php?rest_route=\/wp\/v2\/media\/134552"}],"wp:attachment":[{"href":"https:\/\/archive.sana.sy\/es\/index.php?rest_route=%2Fwp%2Fv2%2Fmedia&parent=134550"}],"wp:term":[{"taxonomy":"category","embeddable":true,"href":"https:\/\/archive.sana.sy\/es\/index.php?rest_route=%2Fwp%2Fv2%2Fcategories&post=134550"},{"taxonomy":"post_tag","embeddable":true,"href":"https:\/\/archive.sana.sy\/es\/index.php?rest_route=%2Fwp%2Fv2%2Ftags&post=134550"}],"curies":[{"name":"wp","href":"https:\/\/api.w.org\/{rel}","templated":true}]}}