{"id":134643,"date":"2020-03-17T10:00:06","date_gmt":"2020-03-17T08:00:06","guid":{"rendered":"http:\/\/sana.sy\/es\/?p=134643"},"modified":"2023-01-10T15:34:43","modified_gmt":"2023-01-10T13:34:43","slug":"boletin-informativo-martes-17-de-marzo-del-2020","status":"publish","type":"post","link":"https:\/\/archive.sana.sy\/es\/?p=134643","title":{"rendered":"Bolet\u00edn Informativo  Martes, 17 de Marzo del 2020"},"content":{"rendered":"<p style=\"text-align: justify;\"><strong><span style=\"color: #800000;\">Damasco, SANA<\/span><\/strong><\/p>\n<p style=\"text-align: justify;\"><strong>\u00a0Les ofrecemos a continuaci\u00f3n, un resumen de las m\u00e1s destacadas noticias de Siria publicadas por nuestra agencia:<\/strong><\/p>\n<p style=\"text-align: justify;\"><span style=\"color: #0000ff;\"><strong>Siria movilizada para protegerse del Covid-19.<\/strong><\/span><\/p>\n<p style=\"text-align: justify;\">Los trabajadores en los diferentes sectores e instituciones se esfuerzan en la toma de medidas para protegerse del Coronavirus.<\/p>\n<p style=\"text-align: justify;\">Las medidas incluyen desinfectar los medios de transporte, los parques, las escuelas, las residencias universitarias, las instituciones estatales y las calles.<\/p>\n<p style=\"text-align: justify;\"><span style=\"color: #0000ff;\"><strong>Extremas medidas sanitarias en el Aeropuerto Internacional de Damasco por COVID-19.<\/strong><\/span><\/p>\n<p style=\"text-align: justify;\">Como parte de las medidas preventivas adoptadas por el Gobierno sirio ante la propagaci\u00f3n a nivel mundial del Coronavirus, el Ministerio de Transporte procedi\u00f3 a desinfectar los aviones salientes y entrantes al pa\u00eds a trav\u00e9s del Aeropuerto Internacional de Damasco.<\/p>\n<p style=\"text-align: justify;\">Tambi\u00e9n se desinfectaron los corredores que conducen a los aviones y las salas de pasajeros para garantizar la mayor seguridad sanitaria.<\/p>\n<p style=\"text-align: justify;\">Asimismo, un esc\u00e1ner chequea la temperatura de todos los pasajeros, y en caso de reportarse un caso sospechoso de contagio por COVID-19, se traslada al centro de cuarentena en el Dweir, cerca de Damasco.<\/p>\n<p style=\"text-align: justify;\">El ministro de Transporte, Al\u00ed Hamoud, afirm\u00f3 que las medidas tomadas en el Aeropuerto forman parte del plan nacional de protecci\u00f3n y precauci\u00f3n para impedir llegada del Covid-19, declarado una pandemia mundial por la Organizaci\u00f3n Mundial de Salud.<\/p>\n<p style=\"text-align: justify;\">A su vez, el ministro de Salud sirio, Nizar Yazegi, confirm\u00f3 que hasta la fecha no hay contagios confirmados con coronavirus en Siria.<\/p>\n<p style=\"text-align: justify;\"><span style=\"color: #0000ff;\"><strong>Campa\u00f1a para desinfectar autobuses de transporte interno en Homs<\/strong><\/span><\/p>\n<p style=\"text-align: justify;\">En el marco de las medidas de precauci\u00f3n y prevenci\u00f3n del Coronavirus, la Empresa Estatal de Transporte Interno comenz\u00f3 una campa\u00f1a de desinfecci\u00f3n para unos 60 autobuses en la ciudad de Homs en el centro del pa\u00eds.<\/p>\n<p style=\"text-align: justify;\">El gerente de la empresa, Ali Al-Hussein, declar\u00f3 que los equipos de su entidad comenzaron a desinfectar los autobuses con el objetivo de proporcionar un entorno seguro.<\/p>\n<p style=\"text-align: justify;\">Agreg\u00f3 que las acciones de esterilizaci\u00f3n continuar\u00e1n durante el pr\u00f3ximo per\u00edodo para preservar la seguridad de los ciudadanos.<\/p>\n<p style=\"text-align: justify;\"><span style=\"color: #0000ff;\"><strong>Planta de transformaci\u00f3n el\u00e9ctrica de Hasakeh sale de servicio debido a una agresi\u00f3n turca<\/strong><\/span><\/p>\n<p style=\"text-align: justify;\">La planta de transformaci\u00f3n de electricidad de la localidad de Tal Tamer, en el oeste de la provincia de Hasakeh, 866 km al nordeste de la capital Damasco, sali\u00f3 de servicio tras agresi\u00f3n turca contra las l\u00edneas el\u00e9ctricas que alimentan la instalaci\u00f3n.<\/p>\n<p style=\"text-align: justify;\">El director de la empresa el\u00e9ctrica de Hasakeh, Anwar Aklah,\u00a0 declar\u00f3 a SANA que la agresi\u00f3n turca apunt\u00f3 contra la l\u00ednea 66 KV que alimenta la estaci\u00f3n en la zona de Um Kief.<\/p>\n<p style=\"text-align: justify;\">\u201cComo consecuencia de este ataque, la estaci\u00f3n sali\u00f3 de servicio y muchas zonas quedaron sin luz\u00a8, agreg\u00f3.<\/p>\n<p style=\"text-align: justify;\">Seg\u00fan Aklah, los equipos de t\u00e9cnicos e ingenieros est\u00e1n trabajando en el mantenimiento de la red el\u00e9ctrica afectada a fin de restablecer el servicio tan pronto que sea posible.<\/p>\n<p style=\"text-align: justify;\"><span style=\"color: #0000ff;\"><strong>Terroristas destruyen puente para bloquear el tr\u00e1fico en la autopista M-4 entre\u00a0 Alepo y Latakia<\/strong><\/span><\/p>\n<p style=\"text-align: justify;\">Grupos terroristas dinamitaron hoy el puente Mohambel en la autopista M-4 que conecta las ciudades de Alepo y Latakia con el fin de impedir la circulaci\u00f3n de las patrullas conjuntas programadas en virtud del acuerdo de cese el fuego alcanzado en Mosc\u00fa el d\u00eda 5 de este mes.<\/p>\n<p style=\"text-align: justify;\">Fuentes civiles y medios de prensa informaron que el referido puente, ubicado al oeste de la ciudad de Ariha en provincia de Idleb, fue dinamitado con grandes cantidades de explosivos lo que caus\u00f3 su completa destrucci\u00f3n.<\/p>\n<p style=\"text-align: justify;\">Al mismo tiempo, grupos extremistas implantaron clavos de acero en varios puntos de la autov\u00eda para impedir las patrullas conjuntas.<\/p>\n<p style=\"text-align: justify;\">Las mismas fuentes indicaron que los grupos terroristas obligaron a decenas de civiles a instalar tiendas de campa\u00f1a en medio de la carretera, as\u00ed como pagar a decenas de civiles para que permanezcan en la carretera y sus alrededores para paralizar el tr\u00e1fico en la misma.<\/p>\n<p style=\"text-align: justify;\"><span style=\"color: #0000ff;\"><strong>Mosc\u00fa: los terroristas en Idleb reanudaron sus ataques contra el ej\u00e9rcito sirio y hay que eliminarlos<\/strong><\/span><\/p>\n<p style=\"text-align: justify;\">El Ministerio de Exteriores de Rusia anunci\u00f3 hoy que las agrupaciones terroristas en la provincia septentrional siria de Idleb se han rearmado y est\u00e1n llevando a cabo ataques contra el ej\u00e9rcito sirio.<\/p>\n<p style=\"text-align: justify;\">En un comunicado, la Canciller\u00eda rusa asegur\u00f3 que hay que eliminar a los terroristas.<\/p>\n<p style=\"text-align: justify;\">\u201cEn Idleb, est\u00e1n presentes organizaciones armadas terroristas, incluidas la \u201cJunta para Liberaci\u00f3n del Levante\u201d y los &#8220;Guardianes de la Religi\u00f3n&#8221; que siguen reivindicando los principios ideol\u00f3gicos y m\u00e9todos terroristas de al-Qaeda, y se niegan a reconocer el acuerdo de alto el fuego\u201d, detall\u00f3 el comunicado.<\/p>\n<p style=\"text-align: justify;\">Aclar\u00f3 que entre los terroristas en Idleb hay muchos del Daesh que vinieron de otras regiones de Siria.<\/p>\n<p style=\"text-align: justify;\">\u201cEstos terroristas se beneficiaron del per\u00edodo de calma, y trataron a sus heridos y se rearmaron gracias al apoyo del extranjero, y ahora lanzan ataques contra posiciones del ej\u00e9rcito sirio&#8221;, aclar\u00f3.<\/p>\n<p style=\"text-align: justify;\">La declaraci\u00f3n enfatiz\u00f3 que hay dos opciones posibles para los terroristas en Idleb: la primera es su eliminaci\u00f3n y la segunda es que rindan cuenta por sus cr\u00edmenes de acuerdo con la ley.<\/p>\n<p style=\"text-align: justify;\"><span style=\"color: #0000ff;\"><strong>Un m\u00e1rtir y cuatro heridos en atentado terrorista en ciudad de Shadadi, provincia de Hasakeh.<\/strong><\/span><\/p>\n<p style=\"text-align: justify;\">Un civil perdi\u00f3 la vida y otros cuatro resultaron heridos por la explosi\u00f3n de una motocicleta minada en la ciudad de Shadadi, en el sur de la provincia de Hasakeh.<\/p>\n<p style=\"text-align: justify;\">Seg\u00fan report\u00f3 el corresponsal de SANA, los heridos fueron trasladados al hospital para recibir tratamiento.<\/p>\n<p style=\"text-align: justify;\"><span style=\"color: #0000ff;\"><strong>Muere ni\u00f1o en explosi\u00f3n de mina remanente de terroristas en ciudad de Duma<\/strong><\/span><\/p>\n<p style=\"text-align: justify;\">Un ni\u00f1o perdi\u00f3 la vida y otro fue lesionado por la explosi\u00f3n de una mina remanente de las agrupaciones terroristas en la ciudad de Duma en la regi\u00f3n de Ghouta Oriental, al este de la capital Damasco.<\/p>\n<p style=\"text-align: justify;\">La polic\u00eda de Damasco anunci\u00f3 que la mina estaba sembrada en una tierra agr\u00edcola y estall\u00f3 mientras los dos ni\u00f1os (de 9 y 10 a\u00f1os de edad) jugaban.<\/p>\n<p style=\"text-align: justify;\">Los terroristas procedieron a sembrar minas en la zona que estaban bajo su dominio con el fin de impedir el avance del ej\u00e9rcito y sembrar el terror entre los pobladores que deseen volver a sus casas y tierras.<\/p>\n<p style=\"text-align: justify;\">Ghouta Oriental fue liberada del terrorismo en el verano del 2018 y desde aquella fecha, miles de pobladores volvieron a sus hogares.<\/p>\n<p style=\"text-align: justify;\"><strong><span style=\"color: #0000ff;\">Alto porcentaje de cumplimiento en el plan de siembra de trigo, cebada y plantas arom\u00e1ticas y medicinales<\/span><\/strong><\/p>\n<p style=\"text-align: justify;\">El Ministerio de Agricultura y Reforma Agraria anunci\u00f3 hoy la finalizaci\u00f3n del plan de siembra de trigo, cebada y varios tipos de legumbres y plantas medicinales y arom\u00e1ticas, en todas las provincias del pa\u00eds.<\/p>\n<p style=\"text-align: justify;\">El director de la producci\u00f3n agr\u00edcola en el Ministerio, Abdulmouin Quedmani, afirm\u00f3 a SANA que se sembr\u00f3 un mill\u00f3n 353 mil hect\u00e1reas con trigo y un mill\u00f3n 506 mil hect\u00e1reas de cebada en varias provincias.<\/p>\n<p style=\"text-align: justify;\">Aclar\u00f3 que el porcentaje de cumplimiento del plan de siembra de trigo super\u00f3 el 75% y de cebada lleg\u00f3 a 100%.<\/p>\n<p style=\"text-align: justify;\">En cuanto a las legumbres,\u00a0 Qadmani agreg\u00f3\u00a0 que la superficie total dedicada al cultivo de legumbres ascendi\u00f3 a 168 mil hect\u00e1reas que se distribuyen de la siguiente manera: 112 mil hect\u00e1reas sembradas de lentejas, 16 mil de frijoles, 6 mil de guisantes y 35 mil hect\u00e1reas de garbanzos.<\/p>\n<p style=\"text-align: justify;\">Asimismo, 81 mil hect\u00e1reas de plantas medicinales y arom\u00e1ticas fueron plantadas, entre ellas 57 mil de comino, 4 mil de an\u00eds, m\u00e1s de 6 mil de neguilla y 14 mil de coriandro.<\/p>\n<p style=\"text-align: justify;\">Siria se abastece de los diferentes tipos de cereales y exporta plantas arom\u00e1ticas y medicinales a varios pa\u00edses del mundo.<\/p>\n<p style=\"text-align: justify;\">\n","protected":false},"excerpt":{"rendered":"<p>Damasco, SANA \u00a0Les ofrecemos a continuaci\u00f3n, un resumen de las m\u00e1s destacadas noticias de Siria publicadas por nuestra agencia: Siria movilizada para protegerse del Covid-19. Los trabajadores en los diferentes sectores e instituciones se esfuerzan en la toma de medidas para protegerse del Coronavirus. Las medidas incluyen desinfectar los medios de transporte, los parques, las &hellip;<\/p>\n","protected":false},"author":32,"featured_media":134489,"comment_status":"closed","ping_status":"closed","sticky":false,"template":"","format":"standard","meta":{"footnotes":""},"categories":[447,555,597],"tags":[],"class_list":["post-134643","post","type-post","status-publish","format-standard","has-post-thumbnail","","category-local-politica","category-prensa","category-cinta-de-noticias"],"_links":{"self":[{"href":"https:\/\/archive.sana.sy\/es\/index.php?rest_route=\/wp\/v2\/posts\/134643"}],"collection":[{"href":"https:\/\/archive.sana.sy\/es\/index.php?rest_route=\/wp\/v2\/posts"}],"about":[{"href":"https:\/\/archive.sana.sy\/es\/index.php?rest_route=\/wp\/v2\/types\/post"}],"author":[{"embeddable":true,"href":"https:\/\/archive.sana.sy\/es\/index.php?rest_route=\/wp\/v2\/users\/32"}],"replies":[{"embeddable":true,"href":"https:\/\/archive.sana.sy\/es\/index.php?rest_route=%2Fwp%2Fv2%2Fcomments&post=134643"}],"version-history":[{"count":0,"href":"https:\/\/archive.sana.sy\/es\/index.php?rest_route=\/wp\/v2\/posts\/134643\/revisions"}],"wp:featuredmedia":[{"embeddable":true,"href":"https:\/\/archive.sana.sy\/es\/index.php?rest_route=\/wp\/v2\/media\/134489"}],"wp:attachment":[{"href":"https:\/\/archive.sana.sy\/es\/index.php?rest_route=%2Fwp%2Fv2%2Fmedia&parent=134643"}],"wp:term":[{"taxonomy":"category","embeddable":true,"href":"https:\/\/archive.sana.sy\/es\/index.php?rest_route=%2Fwp%2Fv2%2Fcategories&post=134643"},{"taxonomy":"post_tag","embeddable":true,"href":"https:\/\/archive.sana.sy\/es\/index.php?rest_route=%2Fwp%2Fv2%2Ftags&post=134643"}],"curies":[{"name":"wp","href":"https:\/\/api.w.org\/{rel}","templated":true}]}}