{"id":134713,"date":"2020-03-17T20:46:12","date_gmt":"2020-03-17T18:46:12","guid":{"rendered":"http:\/\/sana.sy\/es\/?p=134713"},"modified":"2023-01-12T14:44:40","modified_gmt":"2023-01-12T12:44:40","slug":"5-iraquies-resultan-heridos-por-el-impacto-de-proyectiles-en-la-gobernacion-de-saladino","status":"publish","type":"post","link":"https:\/\/archive.sana.sy\/es\/?p=134713","title":{"rendered":"Cinco iraqu\u00edes resultan heridos por el impacto de proyectiles en la gobernaci\u00f3n de Saladino"},"content":{"rendered":"<p><span style=\"color: #800000;\">Bagdad, SANA<\/span><\/p>\n<p style=\"text-align: justify;\">Al menos cinco personas resultaron heridas por la ca\u00edda de proyectiles de mortero en el distrito de Tuz Khurmatu, de la gobernaci\u00f3n de Saladino, Irak.<\/p>\n<p style=\"text-align: justify;\">Una fuente de seguridad iraqu\u00ed dijo al sitio web de Alsumaria News que cuatro proyectiles de ob\u00fas cayeron esta tarde en el barrio de al- Imam del distrito de Tuz Khurmatu, hiriendo a cinco personas.<\/p>\n<p style=\"text-align: justify;\">El lunes pasado, seis personas resultaron heridas por un atentado terrorista con una motocicleta que atac\u00f3 un mercado popular en el distrito de Tuz Khurmatu.<\/p>\n<p style=\"text-align: justify;\">Por otra parte, una fuente de seguridad en la provincia de Diyala inform\u00f3 que varios proyectiles de mortero cayeron en una aldea en las afueras del distrito de Jalawla sin causar v\u00edctimas, agregando que se impusieron medidas estrictas en el pueblo despu\u00e9s del impacto de los proyectiles.<\/p>\n<p>M.M<\/p>\n","protected":false},"excerpt":{"rendered":"<p>Bagdad, SANA Al menos cinco personas resultaron heridas por la ca\u00edda de proyectiles de mortero en el distrito de Tuz Khurmatu, de la gobernaci\u00f3n de Saladino, Irak. Una fuente de seguridad iraqu\u00ed dijo al sitio web de Alsumaria News que cuatro proyectiles de ob\u00fas cayeron esta tarde en el barrio de al- Imam del distrito &hellip;<\/p>\n","protected":false},"author":36,"featured_media":19681,"comment_status":"closed","ping_status":"closed","sticky":false,"template":"","format":"standard","meta":{"footnotes":""},"categories":[597,456,457],"tags":[7023],"class_list":["post-134713","post","type-post","status-publish","format-standard","has-post-thumbnail","","category-cinta-de-noticias","category-arabe-internacional-politica","category-noticias-arabe-internacional-politica","tag-irak"],"_links":{"self":[{"href":"https:\/\/archive.sana.sy\/es\/index.php?rest_route=\/wp\/v2\/posts\/134713"}],"collection":[{"href":"https:\/\/archive.sana.sy\/es\/index.php?rest_route=\/wp\/v2\/posts"}],"about":[{"href":"https:\/\/archive.sana.sy\/es\/index.php?rest_route=\/wp\/v2\/types\/post"}],"author":[{"embeddable":true,"href":"https:\/\/archive.sana.sy\/es\/index.php?rest_route=\/wp\/v2\/users\/36"}],"replies":[{"embeddable":true,"href":"https:\/\/archive.sana.sy\/es\/index.php?rest_route=%2Fwp%2Fv2%2Fcomments&post=134713"}],"version-history":[{"count":0,"href":"https:\/\/archive.sana.sy\/es\/index.php?rest_route=\/wp\/v2\/posts\/134713\/revisions"}],"wp:featuredmedia":[{"embeddable":true,"href":"https:\/\/archive.sana.sy\/es\/index.php?rest_route=\/wp\/v2\/media\/19681"}],"wp:attachment":[{"href":"https:\/\/archive.sana.sy\/es\/index.php?rest_route=%2Fwp%2Fv2%2Fmedia&parent=134713"}],"wp:term":[{"taxonomy":"category","embeddable":true,"href":"https:\/\/archive.sana.sy\/es\/index.php?rest_route=%2Fwp%2Fv2%2Fcategories&post=134713"},{"taxonomy":"post_tag","embeddable":true,"href":"https:\/\/archive.sana.sy\/es\/index.php?rest_route=%2Fwp%2Fv2%2Ftags&post=134713"}],"curies":[{"name":"wp","href":"https:\/\/api.w.org\/{rel}","templated":true}]}}