{"id":134881,"date":"2020-03-19T09:38:26","date_gmt":"2020-03-19T07:38:26","guid":{"rendered":"http:\/\/sana.sy\/es\/?p=134881"},"modified":"2020-03-19T15:22:34","modified_gmt":"2020-03-19T13:22:34","slug":"siria-suspende-sus-participaciones-deportivas-en-el-exterior-excepto-las-clasificatorias-para-las-olimpiadas-de-tokio","status":"publish","type":"post","link":"https:\/\/archive.sana.sy\/es\/?p=134881","title":{"rendered":"Siria suspende sus participaciones deportivas en el exterior, excepto las clasificatorias para las olimpiadas de Tokio"},"content":{"rendered":"<div class=\"gs\">\n<div class=\"\">\n<div id=\":1lh\" class=\"ii gt\">\n<div id=\":17v\" class=\"a3s aXjCH \">\n<div dir=\"ltr\">\n<p style=\"text-align: justify;\"><span style=\"color: #800000;\"><strong>Damasco, SANA<\/strong><\/span><\/p>\n<p style=\"text-align: justify;\">La Federaci\u00f3n General del Deporte suspendi\u00f3 todas sus participaciones en el exterior excepto en las clasificatorias para la Olimpiada de Tokio que se celebrar\u00e1 a finales de junio pr\u00f3ximo.<\/p>\n<p style=\"text-align: justify;\">La decisi\u00f3n se tom\u00f3 en cumplimiento a las medidas de prevenci\u00f3n contra el virus Corona.<\/p>\n<p style=\"text-align: justify;\">La Oficina Ejecutiva de la Federaci\u00f3n emiti\u00f3 una circular para cerrar las instalaciones y ciudades deportivas, adem\u00e1s de cerrar los clubes deportivos privados, y posponer todas las actividades, seminarios y encuentros de car\u00e1cter deportivo.<\/p>\n<p style=\"text-align: justify;\">El 14 de marzo, la Federaci\u00f3n detuvo todas las actividades deportivas locales hasta el final del mes sagrado del Ramad\u00e1n.<\/p>\n<\/div>\n<\/div>\n<div class=\"yj6qo\" style=\"text-align: justify;\">\n<p><span style=\"color: #000000;\"><strong>Actual\u00edzate m\u00e1s:<\/strong><\/span><br \/>\n<span style=\"color: #000000;\">https:\/\/sana.sy\/es\/<\/span><br \/>\n<span style=\"color: #000000;\">https:\/\/www.facebook.com\/Agencia.SANA\/<\/span><br \/>\n<span style=\"color: #000000;\">https:\/\/t.me\/AgenciasiriaSANA<\/span><br \/>\n<span style=\"color: #000000;\">https:\/\/twitter.com\/SanaAgencia<\/span><\/p>\n<p>&nbsp;<\/p>\n<p><span style=\"color: #0000ff;\"><strong>E.D\/ F.M<\/strong><\/span><\/p>\n<\/div>\n<div class=\"yj6qo\" style=\"text-align: justify;\"><\/div>\n<\/div>\n<div class=\"hi\" style=\"text-align: justify;\"><\/div>\n<\/div>\n<\/div>\n","protected":false},"excerpt":{"rendered":"<p>Damasco, SANA La Federaci\u00f3n General del Deporte suspendi\u00f3 todas sus participaciones en el exterior excepto en las clasificatorias para la Olimpiada de Tokio que se celebrar\u00e1 a finales de junio pr\u00f3ximo. La decisi\u00f3n se tom\u00f3 en cumplimiento a las medidas de prevenci\u00f3n contra el virus Corona. La Oficina Ejecutiva de la Federaci\u00f3n emiti\u00f3 una circular &hellip;<\/p>\n","protected":false},"author":32,"featured_media":134882,"comment_status":"closed","ping_status":"closed","sticky":false,"template":"","format":"standard","meta":{"footnotes":""},"categories":[597,494,476,7541],"tags":[],"class_list":["post-134881","post","type-post","status-publish","format-standard","has-post-thumbnail","","category-cinta-de-noticias","category-deportes","category-locales","category-ultimas-noticias"],"_links":{"self":[{"href":"https:\/\/archive.sana.sy\/es\/index.php?rest_route=\/wp\/v2\/posts\/134881"}],"collection":[{"href":"https:\/\/archive.sana.sy\/es\/index.php?rest_route=\/wp\/v2\/posts"}],"about":[{"href":"https:\/\/archive.sana.sy\/es\/index.php?rest_route=\/wp\/v2\/types\/post"}],"author":[{"embeddable":true,"href":"https:\/\/archive.sana.sy\/es\/index.php?rest_route=\/wp\/v2\/users\/32"}],"replies":[{"embeddable":true,"href":"https:\/\/archive.sana.sy\/es\/index.php?rest_route=%2Fwp%2Fv2%2Fcomments&post=134881"}],"version-history":[{"count":0,"href":"https:\/\/archive.sana.sy\/es\/index.php?rest_route=\/wp\/v2\/posts\/134881\/revisions"}],"wp:featuredmedia":[{"embeddable":true,"href":"https:\/\/archive.sana.sy\/es\/index.php?rest_route=\/wp\/v2\/media\/134882"}],"wp:attachment":[{"href":"https:\/\/archive.sana.sy\/es\/index.php?rest_route=%2Fwp%2Fv2%2Fmedia&parent=134881"}],"wp:term":[{"taxonomy":"category","embeddable":true,"href":"https:\/\/archive.sana.sy\/es\/index.php?rest_route=%2Fwp%2Fv2%2Fcategories&post=134881"},{"taxonomy":"post_tag","embeddable":true,"href":"https:\/\/archive.sana.sy\/es\/index.php?rest_route=%2Fwp%2Fv2%2Ftags&post=134881"}],"curies":[{"name":"wp","href":"https:\/\/api.w.org\/{rel}","templated":true}]}}