{"id":135072,"date":"2020-03-22T12:52:11","date_gmt":"2020-03-22T10:52:11","guid":{"rendered":"http:\/\/sana.sy\/es\/?p=135072"},"modified":"2020-03-22T12:52:11","modified_gmt":"2020-03-22T10:52:11","slug":"presidente-al-assad-decreta-amnistia-a-los-delitos-cometidos-antes-del-22-de-marzo-2020","status":"publish","type":"post","link":"https:\/\/archive.sana.sy\/es\/?p=135072","title":{"rendered":"Presidente al-Assad decreta amnist\u00eda a los delitos cometidos antes del 22 de marzo 2020"},"content":{"rendered":"<p style=\"text-align: justify;\"><strong><span style=\"color: #800000;\">Damasco, SANA<\/span><\/strong><\/p>\n<p style=\"text-align: justify;\">El Presidente Bashar al-Assad, emite el Decreto Legislativo No. 6 del 2020 que concede una amnist\u00eda general para delitos cometidos antes de la fecha del 22 de marzo 2020.<\/p>\n<p style=\"text-align: justify;\">El decreto ampli\u00f3 el abanico de amnist\u00eda para algunos delitos que no fueron abarcados en decretos anteriores.<\/p>\n<p style=\"text-align: justify;\"><strong><span style=\"color: #0000ff;\">F.M\/ E.D<\/span><\/strong><\/p>\n","protected":false},"excerpt":{"rendered":"<p>Damasco, SANA El Presidente Bashar al-Assad, emite el Decreto Legislativo No. 6 del 2020 que concede una amnist\u00eda general para delitos cometidos antes de la fecha del 22 de marzo 2020. El decreto ampli\u00f3 el abanico de amnist\u00eda para algunos delitos que no fueron abarcados en decretos anteriores. F.M\/ E.D<\/p>\n","protected":false},"author":32,"featured_media":135073,"comment_status":"closed","ping_status":"closed","sticky":false,"template":"","format":"standard","meta":{"footnotes":""},"categories":[597,16237,583],"tags":[],"class_list":["post-135072","post","type-post","status-publish","format-standard","has-post-thumbnail","","category-cinta-de-noticias","category-presidence-de-la-republique-arabe-syria","category-slide"],"_links":{"self":[{"href":"https:\/\/archive.sana.sy\/es\/index.php?rest_route=\/wp\/v2\/posts\/135072"}],"collection":[{"href":"https:\/\/archive.sana.sy\/es\/index.php?rest_route=\/wp\/v2\/posts"}],"about":[{"href":"https:\/\/archive.sana.sy\/es\/index.php?rest_route=\/wp\/v2\/types\/post"}],"author":[{"embeddable":true,"href":"https:\/\/archive.sana.sy\/es\/index.php?rest_route=\/wp\/v2\/users\/32"}],"replies":[{"embeddable":true,"href":"https:\/\/archive.sana.sy\/es\/index.php?rest_route=%2Fwp%2Fv2%2Fcomments&post=135072"}],"version-history":[{"count":0,"href":"https:\/\/archive.sana.sy\/es\/index.php?rest_route=\/wp\/v2\/posts\/135072\/revisions"}],"wp:featuredmedia":[{"embeddable":true,"href":"https:\/\/archive.sana.sy\/es\/index.php?rest_route=\/wp\/v2\/media\/135073"}],"wp:attachment":[{"href":"https:\/\/archive.sana.sy\/es\/index.php?rest_route=%2Fwp%2Fv2%2Fmedia&parent=135072"}],"wp:term":[{"taxonomy":"category","embeddable":true,"href":"https:\/\/archive.sana.sy\/es\/index.php?rest_route=%2Fwp%2Fv2%2Fcategories&post=135072"},{"taxonomy":"post_tag","embeddable":true,"href":"https:\/\/archive.sana.sy\/es\/index.php?rest_route=%2Fwp%2Fv2%2Ftags&post=135072"}],"curies":[{"name":"wp","href":"https:\/\/api.w.org\/{rel}","templated":true}]}}