{"id":135123,"date":"2020-03-23T01:10:55","date_gmt":"2020-03-22T23:10:55","guid":{"rendered":"http:\/\/sana.sy\/es\/?p=135123"},"modified":"2023-01-12T14:44:39","modified_gmt":"2023-01-12T12:44:39","slug":"fuerzas-de-ocupacion-israelies-arrestan-a-seis-palestinos-en-cisjordania","status":"publish","type":"post","link":"https:\/\/archive.sana.sy\/es\/?p=135123","title":{"rendered":"Fuerzas de ocupaci\u00f3n israel\u00edes arrestan a seis palestinos en Cisjordania"},"content":{"rendered":"<p style=\"text-align: justify;\"><span style=\"color: #800000;\"><strong>Jerusal\u00e9n ocupada, SANA<\/strong><\/span><\/p>\n<p style=\"text-align: justify;\">Las fuerzas de ocupaci\u00f3n israel\u00edes arrestaron hoy a seis palestinos en varias localidades de Cisjordania.<\/p>\n<p style=\"text-align: justify;\">La agencia de noticias Wafa inform\u00f3 que las fuerzas sionistas asaltaron los pueblos de Qalquilya y Salfit, y allanaron en las casas de los palestinos y arrestaron a seis de ellos.<\/p>\n<p style=\"text-align: justify;\">Las fuerzas de ocupaci\u00f3n contin\u00faan sus pr\u00e1cticas agresivas contra los palestinos al allanar en las casas y lanzar campa\u00f1as diarias de arresto con el objetivo de desplazarlos y apoderarse de sus tierras.<\/p>\n<p style=\"text-align: justify;\"><span style=\"color: #0000ff;\"><strong>F.M<\/strong><\/span><\/p>\n","protected":false},"excerpt":{"rendered":"<p>Jerusal\u00e9n ocupada, SANA Las fuerzas de ocupaci\u00f3n israel\u00edes arrestaron hoy a seis palestinos en varias localidades de Cisjordania. La agencia de noticias Wafa inform\u00f3 que las fuerzas sionistas asaltaron los pueblos de Qalquilya y Salfit, y allanaron en las casas de los palestinos y arrestaron a seis de ellos. Las fuerzas de ocupaci\u00f3n contin\u00faan sus &hellip;<\/p>\n","protected":false},"author":34,"featured_media":135124,"comment_status":"closed","ping_status":"closed","sticky":false,"template":"","format":"standard","meta":{"footnotes":""},"categories":[447,597,456,7541],"tags":[],"class_list":["post-135123","post","type-post","status-publish","format-standard","has-post-thumbnail","","category-local-politica","category-cinta-de-noticias","category-arabe-internacional-politica","category-ultimas-noticias"],"_links":{"self":[{"href":"https:\/\/archive.sana.sy\/es\/index.php?rest_route=\/wp\/v2\/posts\/135123"}],"collection":[{"href":"https:\/\/archive.sana.sy\/es\/index.php?rest_route=\/wp\/v2\/posts"}],"about":[{"href":"https:\/\/archive.sana.sy\/es\/index.php?rest_route=\/wp\/v2\/types\/post"}],"author":[{"embeddable":true,"href":"https:\/\/archive.sana.sy\/es\/index.php?rest_route=\/wp\/v2\/users\/34"}],"replies":[{"embeddable":true,"href":"https:\/\/archive.sana.sy\/es\/index.php?rest_route=%2Fwp%2Fv2%2Fcomments&post=135123"}],"version-history":[{"count":0,"href":"https:\/\/archive.sana.sy\/es\/index.php?rest_route=\/wp\/v2\/posts\/135123\/revisions"}],"wp:featuredmedia":[{"embeddable":true,"href":"https:\/\/archive.sana.sy\/es\/index.php?rest_route=\/wp\/v2\/media\/135124"}],"wp:attachment":[{"href":"https:\/\/archive.sana.sy\/es\/index.php?rest_route=%2Fwp%2Fv2%2Fmedia&parent=135123"}],"wp:term":[{"taxonomy":"category","embeddable":true,"href":"https:\/\/archive.sana.sy\/es\/index.php?rest_route=%2Fwp%2Fv2%2Fcategories&post=135123"},{"taxonomy":"post_tag","embeddable":true,"href":"https:\/\/archive.sana.sy\/es\/index.php?rest_route=%2Fwp%2Fv2%2Ftags&post=135123"}],"curies":[{"name":"wp","href":"https:\/\/api.w.org\/{rel}","templated":true}]}}