{"id":135152,"date":"2020-03-23T16:05:44","date_gmt":"2020-03-23T14:05:44","guid":{"rendered":"http:\/\/sana.sy\/es\/?p=135152"},"modified":"2020-03-23T16:18:54","modified_gmt":"2020-03-23T14:18:54","slug":"presidente-al-assad-recibe-al-ministro-de-defensa-ruso","status":"publish","type":"post","link":"https:\/\/archive.sana.sy\/es\/?p=135152","title":{"rendered":"Presidente al-Assad recibe al Ministro de Defensa ruso"},"content":{"rendered":"<p style=\"text-align: justify;\"><span style=\"color: #800000;\">Damasco, SANA<\/span><\/p>\n<p style=\"text-align: justify;\">El presidente Bashar Al-Assad, recibi\u00f3 hoy al ministro de Defensa ruso, Serguei Shoig\u00fa, y la delegaci\u00f3n que lo acompa\u00f1a.<\/p>\n<p style=\"text-align: justify;\">Las conversaciones trataron sobre los acuerdos ruso-turcos pactados el 5 de marzo y las violaciones de las organizaciones terroristas a los mismos.<\/p>\n<p style=\"text-align: justify;\">Asimismo, se abordaron los mecanismos para implementar esos acuerdos que estipulan alejar los terroristas seis kil\u00f3metros de ambos lados de la autopista Alepo-Latakia (M-4), lo cual permitir\u00eda su reapertura.<\/p>\n<p style=\"text-align: justify;\">Ambas partes repasaron la situaci\u00f3n en la regi\u00f3n siria de Al-Jazeera y la continuaci\u00f3n del robo del petr\u00f3leo y las riquezas de los sirios, adem\u00e1s de los pasos tomados por el Estado sirio para restaurar la seguridad y la estabilidad en varias regiones sirias.<\/p>\n<p style=\"text-align: justify;\">Los esfuerzos realizados por la direcci\u00f3n rusa a nivel regional e internacional para romper el asedio y levantar las sanciones y el bloqueo sobre el pueblo sirio fueron tambi\u00e9n un tema abordado en las conversaciones.<\/p>\n<p style=\"text-align: justify;\">Al respecto, hubo consenso en las opiniones sobre las pol\u00edticas y pasos conjuntos a tomar en la siguiente etapa.<\/p>\n<p style=\"text-align: justify;\">Asimismo, se trat\u00f3 la cooperaci\u00f3n bilateral entre los ministerios de Defensa y las Fuerzas Armadas de los dos pa\u00edses, y el inter\u00e9s de las dos partes en seguir mejorando esa cooperaci\u00f3n.<\/p>\n<p style=\"text-align: justify;\">En la reuni\u00f3n, estuvieron presentes el teniente general Ali Abdullah Ayoub, ministro de Defensa, y el mayor general, Ali Mamlouk, jefe de la Oficina de Seguridad Nacional.<\/p>\n<p><span style=\"color: #0000ff;\">FM\/ RR<\/span><\/p>\n","protected":false},"excerpt":{"rendered":"<p>Damasco, SANA El presidente Bashar Al-Assad, recibi\u00f3 hoy al ministro de Defensa ruso, Serguei Shoig\u00fa, y la delegaci\u00f3n que lo acompa\u00f1a. Las conversaciones trataron sobre los acuerdos ruso-turcos pactados el 5 de marzo y las violaciones de las organizaciones terroristas a los mismos. Asimismo, se abordaron los mecanismos para implementar esos acuerdos que estipulan alejar &hellip;<\/p>\n","protected":false},"author":31,"featured_media":135153,"comment_status":"closed","ping_status":"closed","sticky":false,"template":"","format":"standard","meta":{"footnotes":""},"categories":[597,16237,583],"tags":[],"class_list":["post-135152","post","type-post","status-publish","format-standard","has-post-thumbnail","","category-cinta-de-noticias","category-presidence-de-la-republique-arabe-syria","category-slide"],"_links":{"self":[{"href":"https:\/\/archive.sana.sy\/es\/index.php?rest_route=\/wp\/v2\/posts\/135152"}],"collection":[{"href":"https:\/\/archive.sana.sy\/es\/index.php?rest_route=\/wp\/v2\/posts"}],"about":[{"href":"https:\/\/archive.sana.sy\/es\/index.php?rest_route=\/wp\/v2\/types\/post"}],"author":[{"embeddable":true,"href":"https:\/\/archive.sana.sy\/es\/index.php?rest_route=\/wp\/v2\/users\/31"}],"replies":[{"embeddable":true,"href":"https:\/\/archive.sana.sy\/es\/index.php?rest_route=%2Fwp%2Fv2%2Fcomments&post=135152"}],"version-history":[{"count":0,"href":"https:\/\/archive.sana.sy\/es\/index.php?rest_route=\/wp\/v2\/posts\/135152\/revisions"}],"wp:featuredmedia":[{"embeddable":true,"href":"https:\/\/archive.sana.sy\/es\/index.php?rest_route=\/wp\/v2\/media\/135153"}],"wp:attachment":[{"href":"https:\/\/archive.sana.sy\/es\/index.php?rest_route=%2Fwp%2Fv2%2Fmedia&parent=135152"}],"wp:term":[{"taxonomy":"category","embeddable":true,"href":"https:\/\/archive.sana.sy\/es\/index.php?rest_route=%2Fwp%2Fv2%2Fcategories&post=135152"},{"taxonomy":"post_tag","embeddable":true,"href":"https:\/\/archive.sana.sy\/es\/index.php?rest_route=%2Fwp%2Fv2%2Ftags&post=135152"}],"curies":[{"name":"wp","href":"https:\/\/api.w.org\/{rel}","templated":true}]}}