{"id":135157,"date":"2020-03-23T13:26:17","date_gmt":"2020-03-23T11:26:17","guid":{"rendered":"http:\/\/sana.sy\/es\/?p=135157"},"modified":"2020-03-23T18:12:28","modified_gmt":"2020-03-23T16:12:28","slug":"por-segundo-dia-consecutivo-el-ocupante-turco-corta-el-agua-potable-a-hasakeh","status":"publish","type":"post","link":"https:\/\/archive.sana.sy\/es\/?p=135157","title":{"rendered":"Por segundo d\u00eda consecutivo, el ocupante turco corta el agua potable a Hasakeh"},"content":{"rendered":"<p><span style=\"color: #800000;\">Hasakeh, SANA<\/span><\/p>\n<p style=\"text-align: justify;\">Las fuerzas de la ocupaci\u00f3n turca y sus mercenarios terroristas siguen por segundo d\u00eda consecutivo cortando el agua potable a los habitantes en la ciudad de Hasakeh, 866 km al nordeste de la capital Damasco.<\/p>\n<p style=\"text-align: justify;\">El gerente de la Empresa de Agua de Hasakeh, Mahmoud Al-Ekleh, inform\u00f3 este lunes a SANA que el r\u00e9gimen turco y sus mercenarios terroristas continuaron impidiendo el funcionamiento de la planta Aluk, situada en el municipio de Ras al-Ain, lo cual provoc\u00f3 escasez en el agua que es muy necesaria para poder enfrentar el Coronavirus.<\/p>\n<p style=\"text-align: justify;\">Indic\u00f3 que la Empresa est\u00e1 preparando la planta de agua en al-Hemmeh que entrar\u00e1 en funcionamiento dentro de dos d\u00edas, como alternativa en caso de que el ocupante turco siga cortando el agua.<\/p>\n<p><span style=\"color: #0000ff;\">RR\/ FM<\/span><\/p>\n","protected":false},"excerpt":{"rendered":"<p>Hasakeh, SANA Las fuerzas de la ocupaci\u00f3n turca y sus mercenarios terroristas siguen por segundo d\u00eda consecutivo cortando el agua potable a los habitantes en la ciudad de Hasakeh, 866 km al nordeste de la capital Damasco. El gerente de la Empresa de Agua de Hasakeh, Mahmoud Al-Ekleh, inform\u00f3 este lunes a SANA que el &hellip;<\/p>\n","protected":false},"author":31,"featured_media":135158,"comment_status":"closed","ping_status":"closed","sticky":false,"template":"","format":"standard","meta":{"footnotes":""},"categories":[597,573,7541],"tags":[],"class_list":["post-135157","post","type-post","status-publish","format-standard","has-post-thumbnail","","category-cinta-de-noticias","category-la-realidad-de-los-acontecimientos-en-siria","category-ultimas-noticias"],"_links":{"self":[{"href":"https:\/\/archive.sana.sy\/es\/index.php?rest_route=\/wp\/v2\/posts\/135157"}],"collection":[{"href":"https:\/\/archive.sana.sy\/es\/index.php?rest_route=\/wp\/v2\/posts"}],"about":[{"href":"https:\/\/archive.sana.sy\/es\/index.php?rest_route=\/wp\/v2\/types\/post"}],"author":[{"embeddable":true,"href":"https:\/\/archive.sana.sy\/es\/index.php?rest_route=\/wp\/v2\/users\/31"}],"replies":[{"embeddable":true,"href":"https:\/\/archive.sana.sy\/es\/index.php?rest_route=%2Fwp%2Fv2%2Fcomments&post=135157"}],"version-history":[{"count":0,"href":"https:\/\/archive.sana.sy\/es\/index.php?rest_route=\/wp\/v2\/posts\/135157\/revisions"}],"wp:featuredmedia":[{"embeddable":true,"href":"https:\/\/archive.sana.sy\/es\/index.php?rest_route=\/wp\/v2\/media\/135158"}],"wp:attachment":[{"href":"https:\/\/archive.sana.sy\/es\/index.php?rest_route=%2Fwp%2Fv2%2Fmedia&parent=135157"}],"wp:term":[{"taxonomy":"category","embeddable":true,"href":"https:\/\/archive.sana.sy\/es\/index.php?rest_route=%2Fwp%2Fv2%2Fcategories&post=135157"},{"taxonomy":"post_tag","embeddable":true,"href":"https:\/\/archive.sana.sy\/es\/index.php?rest_route=%2Fwp%2Fv2%2Ftags&post=135157"}],"curies":[{"name":"wp","href":"https:\/\/api.w.org\/{rel}","templated":true}]}}