{"id":135203,"date":"2020-03-24T16:36:54","date_gmt":"2020-03-24T14:36:54","guid":{"rendered":"http:\/\/sana.sy\/es\/?p=135203"},"modified":"2023-01-12T14:44:38","modified_gmt":"2023-01-12T12:44:38","slug":"un-palestino-resulta-herido-por-fuego-israeli-al-oeste-de-ramallah","status":"publish","type":"post","link":"https:\/\/archive.sana.sy\/es\/?p=135203","title":{"rendered":"Un palestino resulta herido por fuego israel\u00ed, al oeste de Ramallah"},"content":{"rendered":"<p><span style=\"color: #800000;\">Jerusal\u00e9n ocupada, SANA<\/span><\/p>\n<p style=\"text-align: justify;\">Este martes, un palestino result\u00f3 por fuego de las fuerzas de ocupaci\u00f3n israel\u00edes en la aldea de Deir Abu Meshal al oeste de, Ramallah, en Cisjordania.<\/p>\n<p style=\"text-align: justify;\">La agencia de noticias palestina (MAAN) inform\u00f3 que las fuerzas de ocupaci\u00f3n asaltaron la aldea y abrieron fuego contra los palestinos, hiriendo a uno de ellos.<\/p>\n<p style=\"text-align: justify;\">Anteriormente, un joven palestino ha resultado por balas disparadas por las fuerzas de ocupaci\u00f3n israel\u00edes, que tuvo lugar en el pueblo de Deir Nizam, al oeste de Ramallah.<\/p>\n<p>M.M<\/p>\n","protected":false},"excerpt":{"rendered":"<p>Jerusal\u00e9n ocupada, SANA Este martes, un palestino result\u00f3 por fuego de las fuerzas de ocupaci\u00f3n israel\u00edes en la aldea de Deir Abu Meshal al oeste de, Ramallah, en Cisjordania. La agencia de noticias palestina (MAAN) inform\u00f3 que las fuerzas de ocupaci\u00f3n asaltaron la aldea y abrieron fuego contra los palestinos, hiriendo a uno de ellos. &hellip;<\/p>\n","protected":false},"author":36,"featured_media":135204,"comment_status":"closed","ping_status":"closed","sticky":false,"template":"","format":"standard","meta":{"footnotes":""},"categories":[597,456,457],"tags":[1494],"class_list":["post-135203","post","type-post","status-publish","format-standard","has-post-thumbnail","","category-cinta-de-noticias","category-arabe-internacional-politica","category-noticias-arabe-internacional-politica","tag-palestina"],"_links":{"self":[{"href":"https:\/\/archive.sana.sy\/es\/index.php?rest_route=\/wp\/v2\/posts\/135203"}],"collection":[{"href":"https:\/\/archive.sana.sy\/es\/index.php?rest_route=\/wp\/v2\/posts"}],"about":[{"href":"https:\/\/archive.sana.sy\/es\/index.php?rest_route=\/wp\/v2\/types\/post"}],"author":[{"embeddable":true,"href":"https:\/\/archive.sana.sy\/es\/index.php?rest_route=\/wp\/v2\/users\/36"}],"replies":[{"embeddable":true,"href":"https:\/\/archive.sana.sy\/es\/index.php?rest_route=%2Fwp%2Fv2%2Fcomments&post=135203"}],"version-history":[{"count":0,"href":"https:\/\/archive.sana.sy\/es\/index.php?rest_route=\/wp\/v2\/posts\/135203\/revisions"}],"wp:featuredmedia":[{"embeddable":true,"href":"https:\/\/archive.sana.sy\/es\/index.php?rest_route=\/wp\/v2\/media\/135204"}],"wp:attachment":[{"href":"https:\/\/archive.sana.sy\/es\/index.php?rest_route=%2Fwp%2Fv2%2Fmedia&parent=135203"}],"wp:term":[{"taxonomy":"category","embeddable":true,"href":"https:\/\/archive.sana.sy\/es\/index.php?rest_route=%2Fwp%2Fv2%2Fcategories&post=135203"},{"taxonomy":"post_tag","embeddable":true,"href":"https:\/\/archive.sana.sy\/es\/index.php?rest_route=%2Fwp%2Fv2%2Ftags&post=135203"}],"curies":[{"name":"wp","href":"https:\/\/api.w.org\/{rel}","templated":true}]}}