{"id":135352,"date":"2020-03-26T10:23:03","date_gmt":"2020-03-26T08:23:03","guid":{"rendered":"http:\/\/sana.sy\/es\/?p=135352"},"modified":"2023-01-10T14:33:37","modified_gmt":"2023-01-10T12:33:37","slug":"arrestan-a-153-personas-que-violaron-el-primer-dia-del-toque-de-queda-por-covid-19","status":"publish","type":"post","link":"https:\/\/archive.sana.sy\/es\/?p=135352","title":{"rendered":"Arrestan a 153 personas que violaron el primer d\u00eda del toque de queda por Covid-19"},"content":{"rendered":"<p style=\"text-align: justify;\"><span style=\"color: #800000;\"><strong>Damasco, SANA<\/strong><\/span><\/p>\n<p style=\"text-align: justify;\">El Ministerio del Interior anunci\u00f3 que 153 personas fueron arrestadas por violar el toque de queda que entr\u00f3 en vigor a las 18:00 pm la v\u00edspera.<\/p>\n<p style=\"text-align: justify;\">El Ministerio indic\u00f3 que los detenidos fueron remitidos a la justicia.<\/p>\n<p style=\"text-align: justify;\">El Gobierno adopt\u00f3 un toque de queda diario desde las 18:00 PM hasta las 6:00 AM como parte de las medidas preventivas del Coronavirus.<\/p>\n<p style=\"text-align: justify;\">Siria anunci\u00f3 hasta la fecha cinco casos de contagiados por Covid-19, todos procedentes del extranjeros y estaban en cuarentena.<\/p>\n<p style=\"text-align: justify;\"><span style=\"color: #0000ff;\"><strong>F.M<\/strong><\/span><\/p>\n","protected":false},"excerpt":{"rendered":"<p>Damasco, SANA El Ministerio del Interior anunci\u00f3 que 153 personas fueron arrestadas por violar el toque de queda que entr\u00f3 en vigor a las 18:00 pm la v\u00edspera. El Ministerio indic\u00f3 que los detenidos fueron remitidos a la justicia. El Gobierno adopt\u00f3 un toque de queda diario desde las 18:00 PM hasta las 6:00 AM &hellip;<\/p>\n","protected":false},"author":34,"featured_media":135353,"comment_status":"closed","ping_status":"closed","sticky":false,"template":"","format":"standard","meta":{"footnotes":""},"categories":[477,447,597,16688,476,457,7541],"tags":[],"class_list":["post-135352","post","type-post","status-publish","format-standard","has-post-thumbnail","","category-noticias-edulcorantes","category-local-politica","category-cinta-de-noticias","category-nacionales","category-locales","category-noticias-arabe-internacional-politica","category-ultimas-noticias"],"_links":{"self":[{"href":"https:\/\/archive.sana.sy\/es\/index.php?rest_route=\/wp\/v2\/posts\/135352"}],"collection":[{"href":"https:\/\/archive.sana.sy\/es\/index.php?rest_route=\/wp\/v2\/posts"}],"about":[{"href":"https:\/\/archive.sana.sy\/es\/index.php?rest_route=\/wp\/v2\/types\/post"}],"author":[{"embeddable":true,"href":"https:\/\/archive.sana.sy\/es\/index.php?rest_route=\/wp\/v2\/users\/34"}],"replies":[{"embeddable":true,"href":"https:\/\/archive.sana.sy\/es\/index.php?rest_route=%2Fwp%2Fv2%2Fcomments&post=135352"}],"version-history":[{"count":0,"href":"https:\/\/archive.sana.sy\/es\/index.php?rest_route=\/wp\/v2\/posts\/135352\/revisions"}],"wp:featuredmedia":[{"embeddable":true,"href":"https:\/\/archive.sana.sy\/es\/index.php?rest_route=\/wp\/v2\/media\/135353"}],"wp:attachment":[{"href":"https:\/\/archive.sana.sy\/es\/index.php?rest_route=%2Fwp%2Fv2%2Fmedia&parent=135352"}],"wp:term":[{"taxonomy":"category","embeddable":true,"href":"https:\/\/archive.sana.sy\/es\/index.php?rest_route=%2Fwp%2Fv2%2Fcategories&post=135352"},{"taxonomy":"post_tag","embeddable":true,"href":"https:\/\/archive.sana.sy\/es\/index.php?rest_route=%2Fwp%2Fv2%2Ftags&post=135352"}],"curies":[{"name":"wp","href":"https:\/\/api.w.org\/{rel}","templated":true}]}}