{"id":135630,"date":"2020-03-29T18:14:18","date_gmt":"2020-03-29T15:14:18","guid":{"rendered":"http:\/\/sana.sy\/es\/?p=135630"},"modified":"2020-03-30T09:47:12","modified_gmt":"2020-03-30T06:47:12","slug":"gobierno-impide-traslado-entre-provincias-a-partir-del-proximo-martes","status":"publish","type":"post","link":"https:\/\/archive.sana.sy\/es\/?p=135630","title":{"rendered":"Gobierno proh\u00edbe movimiento de individuos y veh\u00edculos entre provincias"},"content":{"rendered":"<p><span style=\"color: #800000;\">Damasco, SANA<\/span><\/p>\n<p style=\"text-align: justify;\">El Consejo de Ministro abord\u00f3 en su reuni\u00f3n la estrategia y las medidas nacionales tomadas para enfrentar el SARS-CoV-2.<\/p>\n<p style=\"text-align: justify;\">En un comunicado, el Gabinete inform\u00f3 que evalu\u00f3 las medidas adoptadas hasta el momento, y decidi\u00f3 imponer un toque de queda entre las provincias a partir de las 18:00 horas del pr\u00f3ximo martes, 31 del actual mes de marzo hasta el 16 de abril pr\u00f3ximo.<\/p>\n<p style=\"text-align: justify;\">Esta decisi\u00f3n, seg\u00fan la nota, excluye a todos los casos humanitarios y los veh\u00edculos de transporte de materiales b\u00e1sicos, derivados de petr\u00f3leo, frutas y verduras, y tambi\u00e9n los individuos y veh\u00edculos de los sectores de salud, servicios y productivo.<\/p>\n<p style=\"text-align: justify;\">Siria tom\u00f3 severas medidas para contener la propagaci\u00f3n del nuevo coronavirus como cerrar las escuelas, los mercados y los centros de trabajo administrativos, adem\u00e1s de imponer toque de queda parcial y preparar decenas de centros de aislamiento m\u00e9dico.<\/p>\n<p style=\"text-align: justify;\">Hasta la fecha, el Ministerio de Salud report\u00f3 nueve casos con Covid-19 y un fallecimiento.<\/p>\n<p><span style=\"color: #0000ff;\">FM\/RR<\/span><\/p>\n<p>&nbsp;<\/p>\n<p>\u2705 Telegram: https:\/\/t.me\/AgenciasiriaSANA<br \/>\n\u2705 Twitter: https:\/\/twitter.com\/SanaAgencia<br \/>\n\u2705 Sitio Web: https:\/\/www.sana.sy\/es\/<br \/>\n\u2705 Facebook:https:\/\/www.facebook.com\/Agencia.SANA\/<\/p>\n<p>&nbsp;<\/p>\n","protected":false},"excerpt":{"rendered":"<p>Damasco, SANA El Consejo de Ministro abord\u00f3 en su reuni\u00f3n la estrategia y las medidas nacionales tomadas para enfrentar el SARS-CoV-2. En un comunicado, el Gabinete inform\u00f3 que evalu\u00f3 las medidas adoptadas hasta el momento, y decidi\u00f3 imponer un toque de queda entre las provincias a partir de las 18:00 horas del pr\u00f3ximo martes, 31 &hellip;<\/p>\n","protected":false},"author":1,"featured_media":135631,"comment_status":"closed","ping_status":"closed","sticky":false,"template":"","format":"standard","meta":{"footnotes":""},"categories":[597,476,7541],"tags":[],"class_list":["post-135630","post","type-post","status-publish","format-standard","has-post-thumbnail","","category-cinta-de-noticias","category-locales","category-ultimas-noticias"],"_links":{"self":[{"href":"https:\/\/archive.sana.sy\/es\/index.php?rest_route=\/wp\/v2\/posts\/135630"}],"collection":[{"href":"https:\/\/archive.sana.sy\/es\/index.php?rest_route=\/wp\/v2\/posts"}],"about":[{"href":"https:\/\/archive.sana.sy\/es\/index.php?rest_route=\/wp\/v2\/types\/post"}],"author":[{"embeddable":true,"href":"https:\/\/archive.sana.sy\/es\/index.php?rest_route=\/wp\/v2\/users\/1"}],"replies":[{"embeddable":true,"href":"https:\/\/archive.sana.sy\/es\/index.php?rest_route=%2Fwp%2Fv2%2Fcomments&post=135630"}],"version-history":[{"count":0,"href":"https:\/\/archive.sana.sy\/es\/index.php?rest_route=\/wp\/v2\/posts\/135630\/revisions"}],"wp:featuredmedia":[{"embeddable":true,"href":"https:\/\/archive.sana.sy\/es\/index.php?rest_route=\/wp\/v2\/media\/135631"}],"wp:attachment":[{"href":"https:\/\/archive.sana.sy\/es\/index.php?rest_route=%2Fwp%2Fv2%2Fmedia&parent=135630"}],"wp:term":[{"taxonomy":"category","embeddable":true,"href":"https:\/\/archive.sana.sy\/es\/index.php?rest_route=%2Fwp%2Fv2%2Fcategories&post=135630"},{"taxonomy":"post_tag","embeddable":true,"href":"https:\/\/archive.sana.sy\/es\/index.php?rest_route=%2Fwp%2Fv2%2Ftags&post=135630"}],"curies":[{"name":"wp","href":"https:\/\/api.w.org\/{rel}","templated":true}]}}