{"id":135746,"date":"2020-03-30T14:19:31","date_gmt":"2020-03-30T11:19:31","guid":{"rendered":"http:\/\/sana.sy\/es\/?p=135746"},"modified":"2023-01-12T14:44:37","modified_gmt":"2023-01-12T12:44:37","slug":"fuerzas-de-ocupacion-israelies-arrestan-a-cuatro-palestinos-en-ramalah","status":"publish","type":"post","link":"https:\/\/archive.sana.sy\/es\/?p=135746","title":{"rendered":"Fuerzas de ocupaci\u00f3n israel\u00edes arrestan a cuatro palestinos en Ramalah"},"content":{"rendered":"<p><strong><span style=\"color: #800000;\">Jerusal\u00e9n ocupada, SANA<\/span><\/strong><\/p>\n<p>Las fuerzas de ocupaci\u00f3n israel\u00edes arrestaron hoy a cuatro palestinos en la ciudad de Ramalah, en la ocupada Cisjordania.<\/p>\n<p>La agencia de noticias Wafa inform\u00f3 que las tropas sionistas asaltaron las ciudades de Coper y Al-Bireh, donde detuvieron a cuatro palestinos sin dirigirle ninguna acusaci\u00f3n.<\/p>\n<p>Las fuerzas de ocupaci\u00f3n israel\u00edes contin\u00faan sus pr\u00e1cticas agresivas contra los palestinos al asaltar sus localidades y lanzar campa\u00f1as diarias de arresto con el objetivo de desplazarlos y apoderarse de sus tierras.<\/p>\n<p><span style=\"color: #0000ff;\"><strong>F.M<\/strong><\/span><\/p>\n","protected":false},"excerpt":{"rendered":"<p>Jerusal\u00e9n ocupada, SANA Las fuerzas de ocupaci\u00f3n israel\u00edes arrestaron hoy a cuatro palestinos en la ciudad de Ramalah, en la ocupada Cisjordania. La agencia de noticias Wafa inform\u00f3 que las tropas sionistas asaltaron las ciudades de Coper y Al-Bireh, donde detuvieron a cuatro palestinos sin dirigirle ninguna acusaci\u00f3n. Las fuerzas de ocupaci\u00f3n israel\u00edes contin\u00faan sus &hellip;<\/p>\n","protected":false},"author":34,"featured_media":135747,"comment_status":"closed","ping_status":"closed","sticky":false,"template":"","format":"standard","meta":{"footnotes":""},"categories":[597,456,7541],"tags":[],"class_list":["post-135746","post","type-post","status-publish","format-standard","has-post-thumbnail","","category-cinta-de-noticias","category-arabe-internacional-politica","category-ultimas-noticias"],"_links":{"self":[{"href":"https:\/\/archive.sana.sy\/es\/index.php?rest_route=\/wp\/v2\/posts\/135746"}],"collection":[{"href":"https:\/\/archive.sana.sy\/es\/index.php?rest_route=\/wp\/v2\/posts"}],"about":[{"href":"https:\/\/archive.sana.sy\/es\/index.php?rest_route=\/wp\/v2\/types\/post"}],"author":[{"embeddable":true,"href":"https:\/\/archive.sana.sy\/es\/index.php?rest_route=\/wp\/v2\/users\/34"}],"replies":[{"embeddable":true,"href":"https:\/\/archive.sana.sy\/es\/index.php?rest_route=%2Fwp%2Fv2%2Fcomments&post=135746"}],"version-history":[{"count":0,"href":"https:\/\/archive.sana.sy\/es\/index.php?rest_route=\/wp\/v2\/posts\/135746\/revisions"}],"wp:featuredmedia":[{"embeddable":true,"href":"https:\/\/archive.sana.sy\/es\/index.php?rest_route=\/wp\/v2\/media\/135747"}],"wp:attachment":[{"href":"https:\/\/archive.sana.sy\/es\/index.php?rest_route=%2Fwp%2Fv2%2Fmedia&parent=135746"}],"wp:term":[{"taxonomy":"category","embeddable":true,"href":"https:\/\/archive.sana.sy\/es\/index.php?rest_route=%2Fwp%2Fv2%2Fcategories&post=135746"},{"taxonomy":"post_tag","embeddable":true,"href":"https:\/\/archive.sana.sy\/es\/index.php?rest_route=%2Fwp%2Fv2%2Ftags&post=135746"}],"curies":[{"name":"wp","href":"https:\/\/api.w.org\/{rel}","templated":true}]}}