{"id":135828,"date":"2020-04-01T10:40:39","date_gmt":"2020-04-01T07:40:39","guid":{"rendered":"http:\/\/sana.sy\/es\/?p=135828"},"modified":"2023-01-10T15:15:17","modified_gmt":"2023-01-10T13:15:17","slug":"mas-de-40-plantas-producen-esterilizadores-y-desinfectantes-en-damasco","status":"publish","type":"post","link":"https:\/\/archive.sana.sy\/es\/?p=135828","title":{"rendered":"M\u00e1s de 40 plantas producen esterilizadores y desinfectantes en Damasco"},"content":{"rendered":"<p><span style=\"color: #800000;\">Damasco, SANA<\/span><\/p>\n<p style=\"text-align: justify;\">El Director de Industria en la provincia de Damasco-campo, Mohamed Fayad, anunci\u00f3 que se tomaron todas las medidas para la continuaci\u00f3n de la producci\u00f3n en todas las instalaciones industriales en la provincia.<\/p>\n<p style=\"text-align: justify;\">\u201cHemos adoptado un conjunto de medidas para facilitar el movimiento de los trabajadores y los camiones durante el periodo del toque de queda\u201d, indic\u00f3.<\/p>\n<p style=\"text-align: justify;\">Fayad agreg\u00f3 que el Ministerio de Industria apoya las plantas industriales grandes y peque\u00f1as, con asegurar materias primas para la producci\u00f3n, adem\u00e1s de facilitar la importaci\u00f3n de materiales utilizados en el proceso de producci\u00f3n.<\/p>\n<p style=\"text-align: justify;\">\u201cEl apoyo se centra principalmente en las industrias qu\u00edmicas, especialmente los desinfectantes, esterilizadores y materiales de higiene y limpieza, y se permiti\u00f3 importar alcohol concentrado para garantizar la creciente necesidad del mercado local por el Covid-19\u201d, explic\u00f3.<\/p>\n<p style=\"text-align: justify;\">Asimismo, revel\u00f3 que hay m\u00e1s de 40 plantas e instalaciones industriales que producen esterilizadores y desinfectantes en Damasco-campo y su producci\u00f3n cubre una gran parte de la necesidad del mercado local.<\/p>\n<p style=\"text-align: justify;\">Cabe resaltar que la Direcci\u00f3n de Industria del Damasco-campo dio patentes para 24 proyectos industriales en el sector qu\u00edmico en los meses de enero y febrero de este a\u00f1o.<\/p>\n<p><span style=\"color: #0000ff;\">FM\/ RR<\/span><\/p>\n","protected":false},"excerpt":{"rendered":"<p>Damasco, SANA El Director de Industria en la provincia de Damasco-campo, Mohamed Fayad, anunci\u00f3 que se tomaron todas las medidas para la continuaci\u00f3n de la producci\u00f3n en todas las instalaciones industriales en la provincia. \u201cHemos adoptado un conjunto de medidas para facilitar el movimiento de los trabajadores y los camiones durante el periodo del toque &hellip;<\/p>\n","protected":false},"author":31,"featured_media":135829,"comment_status":"closed","ping_status":"closed","sticky":false,"template":"","format":"standard","meta":{"footnotes":""},"categories":[597,485,7541],"tags":[],"class_list":["post-135828","post","type-post","status-publish","format-standard","has-post-thumbnail","","category-cinta-de-noticias","category-informes-negocios-y-finanzas","category-ultimas-noticias"],"_links":{"self":[{"href":"https:\/\/archive.sana.sy\/es\/index.php?rest_route=\/wp\/v2\/posts\/135828"}],"collection":[{"href":"https:\/\/archive.sana.sy\/es\/index.php?rest_route=\/wp\/v2\/posts"}],"about":[{"href":"https:\/\/archive.sana.sy\/es\/index.php?rest_route=\/wp\/v2\/types\/post"}],"author":[{"embeddable":true,"href":"https:\/\/archive.sana.sy\/es\/index.php?rest_route=\/wp\/v2\/users\/31"}],"replies":[{"embeddable":true,"href":"https:\/\/archive.sana.sy\/es\/index.php?rest_route=%2Fwp%2Fv2%2Fcomments&post=135828"}],"version-history":[{"count":0,"href":"https:\/\/archive.sana.sy\/es\/index.php?rest_route=\/wp\/v2\/posts\/135828\/revisions"}],"wp:featuredmedia":[{"embeddable":true,"href":"https:\/\/archive.sana.sy\/es\/index.php?rest_route=\/wp\/v2\/media\/135829"}],"wp:attachment":[{"href":"https:\/\/archive.sana.sy\/es\/index.php?rest_route=%2Fwp%2Fv2%2Fmedia&parent=135828"}],"wp:term":[{"taxonomy":"category","embeddable":true,"href":"https:\/\/archive.sana.sy\/es\/index.php?rest_route=%2Fwp%2Fv2%2Fcategories&post=135828"},{"taxonomy":"post_tag","embeddable":true,"href":"https:\/\/archive.sana.sy\/es\/index.php?rest_route=%2Fwp%2Fv2%2Ftags&post=135828"}],"curies":[{"name":"wp","href":"https:\/\/api.w.org\/{rel}","templated":true}]}}