{"id":135850,"date":"2020-04-01T15:07:23","date_gmt":"2020-04-01T12:07:23","guid":{"rendered":"http:\/\/sana.sy\/es\/?p=135850"},"modified":"2023-01-12T14:44:36","modified_gmt":"2023-01-12T12:44:36","slug":"italianos-queman-banderas-de-la-ue-en-rechazo-a-su-respuesta-a-la-pandemia-del-covid-19-en-su-pais","status":"publish","type":"post","link":"https:\/\/archive.sana.sy\/es\/?p=135850","title":{"rendered":"Italianos queman banderas de la UE en rechazo a su respuesta a la pandemia del COVID-19 en su pa\u00eds"},"content":{"rendered":"<p><span style=\"color: #800000;\">Roma, SANA<\/span><\/p>\n<p style=\"text-align: justify;\"><span lang=\"ES-TRAD\">Un grupo de ciudadanos italianos quemaron banderas de la Uni\u00f3n Europea (UE) en rechazo a la respuesta negligente de la (UE) ante la crisis por el nuevo coronavirus, y que acab\u00f3 con la vida de m\u00e1s de 12 mil italianos.<\/span><\/p>\n<p style=\"text-align: justify;\"><span lang=\"ES-TRAD\">Las redes sociales tambi\u00e9n difundieron una serie de videos que mostraban a los italianos quemando la bandera de la Uni\u00f3n Europea, y expresando su descontento con la posici\u00f3n de la EU y su negaci\u00f3n a ayudarles para enfrentar la propagaci\u00f3n del coronavirus.<\/span><\/p>\n<p style=\"text-align: justify;\"><span lang=\"ES-TRAD\">En uno de los videos, aparece un activista italiano mientras retira la bandera de la UE y la reemplaza por la bandera de Rusia, y expres\u00f3 su gratitud por la asistencia rusa brindada a su pa\u00eds para combatir el brote de Coronavirus.<\/span><\/p>\n<p style=\"text-align: justify;\"><span lang=\"ES-TRAD\">Adem\u00e1s, en las redes sociales circulan im\u00e1genes de los camiones del Ej\u00e9rcito ruso entrando en Roma, capital italiana, despu\u00e9s de recorrer toda Europa para transportar material sanitario ante la negativa de la Organizaci\u00f3n del Tratado del Atl\u00e1ntico Norte (OTAN) de permitir a los aviones rusos sobrevolar el espacio a\u00e9reo de Polonia en direcci\u00f3n a Italia para hacer entrega de un segundo lote de este tipo de material.<\/span><\/p>\n<p style=\"text-align: justify;\"><span lang=\"ES-TRAD\">Cabe se\u00f1alar que el mayor n\u00famero de muertes por el nuevo coronavirus en el mundo se registr\u00f3 en Italia, donde 12 mil 428 personas perdieron la vida.<\/span><\/p>\n<p>M.M\/ F.M<\/p>\n","protected":false},"excerpt":{"rendered":"<p>Roma, SANA Un grupo de ciudadanos italianos quemaron banderas de la Uni\u00f3n Europea (UE) en rechazo a la respuesta negligente de la (UE) ante la crisis por el nuevo coronavirus, y que acab\u00f3 con la vida de m\u00e1s de 12 mil italianos. Las redes sociales tambi\u00e9n difundieron una serie de videos que mostraban a los &hellip;<\/p>\n","protected":false},"author":36,"featured_media":135851,"comment_status":"closed","ping_status":"closed","sticky":false,"template":"","format":"standard","meta":{"footnotes":""},"categories":[597,456,457],"tags":[9132],"class_list":["post-135850","post","type-post","status-publish","format-standard","has-post-thumbnail","","category-cinta-de-noticias","category-arabe-internacional-politica","category-noticias-arabe-internacional-politica","tag-italia"],"_links":{"self":[{"href":"https:\/\/archive.sana.sy\/es\/index.php?rest_route=\/wp\/v2\/posts\/135850"}],"collection":[{"href":"https:\/\/archive.sana.sy\/es\/index.php?rest_route=\/wp\/v2\/posts"}],"about":[{"href":"https:\/\/archive.sana.sy\/es\/index.php?rest_route=\/wp\/v2\/types\/post"}],"author":[{"embeddable":true,"href":"https:\/\/archive.sana.sy\/es\/index.php?rest_route=\/wp\/v2\/users\/36"}],"replies":[{"embeddable":true,"href":"https:\/\/archive.sana.sy\/es\/index.php?rest_route=%2Fwp%2Fv2%2Fcomments&post=135850"}],"version-history":[{"count":0,"href":"https:\/\/archive.sana.sy\/es\/index.php?rest_route=\/wp\/v2\/posts\/135850\/revisions"}],"wp:featuredmedia":[{"embeddable":true,"href":"https:\/\/archive.sana.sy\/es\/index.php?rest_route=\/wp\/v2\/media\/135851"}],"wp:attachment":[{"href":"https:\/\/archive.sana.sy\/es\/index.php?rest_route=%2Fwp%2Fv2%2Fmedia&parent=135850"}],"wp:term":[{"taxonomy":"category","embeddable":true,"href":"https:\/\/archive.sana.sy\/es\/index.php?rest_route=%2Fwp%2Fv2%2Fcategories&post=135850"},{"taxonomy":"post_tag","embeddable":true,"href":"https:\/\/archive.sana.sy\/es\/index.php?rest_route=%2Fwp%2Fv2%2Ftags&post=135850"}],"curies":[{"name":"wp","href":"https:\/\/api.w.org\/{rel}","templated":true}]}}