{"id":135876,"date":"2020-04-01T17:59:23","date_gmt":"2020-04-01T14:59:23","guid":{"rendered":"http:\/\/sana.sy\/es\/?p=135876"},"modified":"2023-01-12T14:44:36","modified_gmt":"2023-01-12T12:44:36","slug":"buque-de-guerra-turco-bombardea-sitios-en-el-oeste-de-libia","status":"publish","type":"post","link":"https:\/\/archive.sana.sy\/es\/?p=135876","title":{"rendered":"Buque de guerra turco bombardea sitios en el oeste de Libia"},"content":{"rendered":"<p><span style=\"color: #800000;\">Tr\u00edpoli, SANA<\/span><\/p>\n<p style=\"text-align: justify;\">El Ej\u00e9rcito Nacional de Libia, liderado por el mariscal de campo Khalifa Haftar, anunci\u00f3 hoy que un buque de guerra perteneciente al r\u00e9gimen turco ha bombardeado sitios en el \u00e1rea de Al-Ajailat, al oeste de Libia, como parte de su continua interferencia en los asuntos internos del pa\u00eds.<\/p>\n<p style=\"text-align: justify;\">Por su parte, el portavoz del ej\u00e9rcito, mayor general Ahmed Al-Mismari, dijo que un buque de guerra turco lanz\u00f3 cohetes desde el mar hacia el \u00e1rea de Al-Ajailat en el oeste del pa\u00eds.<\/p>\n<p style=\"text-align: justify;\">Anteriormente, el Ej\u00e9rcito Nacional de Libia anunci\u00f3 el derribo de dos aviones turcos no tripulados en las cercan\u00edas de la capital Tr\u00edpoli.<\/p>\n<p style=\"text-align: justify;\">El r\u00e9gimen del presidente turco, Recep Tayyip Erdogan, prosigue sus planes de consagrar su intervenci\u00f3n en Libia enviando fuerzas y apoyando las milicias en este pa\u00eds.<\/p>\n<p>M.M<\/p>\n","protected":false},"excerpt":{"rendered":"<p>Tr\u00edpoli, SANA El Ej\u00e9rcito Nacional de Libia, liderado por el mariscal de campo Khalifa Haftar, anunci\u00f3 hoy que un buque de guerra perteneciente al r\u00e9gimen turco ha bombardeado sitios en el \u00e1rea de Al-Ajailat, al oeste de Libia, como parte de su continua interferencia en los asuntos internos del pa\u00eds. Por su parte, el portavoz &hellip;<\/p>\n","protected":false},"author":36,"featured_media":135878,"comment_status":"closed","ping_status":"closed","sticky":false,"template":"","format":"standard","meta":{"footnotes":""},"categories":[597,456,457],"tags":[5067],"class_list":["post-135876","post","type-post","status-publish","format-standard","has-post-thumbnail","","category-cinta-de-noticias","category-arabe-internacional-politica","category-noticias-arabe-internacional-politica","tag-libia"],"_links":{"self":[{"href":"https:\/\/archive.sana.sy\/es\/index.php?rest_route=\/wp\/v2\/posts\/135876"}],"collection":[{"href":"https:\/\/archive.sana.sy\/es\/index.php?rest_route=\/wp\/v2\/posts"}],"about":[{"href":"https:\/\/archive.sana.sy\/es\/index.php?rest_route=\/wp\/v2\/types\/post"}],"author":[{"embeddable":true,"href":"https:\/\/archive.sana.sy\/es\/index.php?rest_route=\/wp\/v2\/users\/36"}],"replies":[{"embeddable":true,"href":"https:\/\/archive.sana.sy\/es\/index.php?rest_route=%2Fwp%2Fv2%2Fcomments&post=135876"}],"version-history":[{"count":0,"href":"https:\/\/archive.sana.sy\/es\/index.php?rest_route=\/wp\/v2\/posts\/135876\/revisions"}],"wp:featuredmedia":[{"embeddable":true,"href":"https:\/\/archive.sana.sy\/es\/index.php?rest_route=\/wp\/v2\/media\/135878"}],"wp:attachment":[{"href":"https:\/\/archive.sana.sy\/es\/index.php?rest_route=%2Fwp%2Fv2%2Fmedia&parent=135876"}],"wp:term":[{"taxonomy":"category","embeddable":true,"href":"https:\/\/archive.sana.sy\/es\/index.php?rest_route=%2Fwp%2Fv2%2Fcategories&post=135876"},{"taxonomy":"post_tag","embeddable":true,"href":"https:\/\/archive.sana.sy\/es\/index.php?rest_route=%2Fwp%2Fv2%2Ftags&post=135876"}],"curies":[{"name":"wp","href":"https:\/\/api.w.org\/{rel}","templated":true}]}}