{"id":135886,"date":"2020-04-01T19:41:35","date_gmt":"2020-04-01T16:41:35","guid":{"rendered":"http:\/\/sana.sy\/es\/?p=135886"},"modified":"2023-01-12T14:44:36","modified_gmt":"2023-01-12T12:44:36","slug":"muere-un-palestino-por-disparos-de-las-fuerzas-de-ocupacion-israelies","status":"publish","type":"post","link":"https:\/\/archive.sana.sy\/es\/?p=135886","title":{"rendered":"Muere un palestino por disparos de las fuerzas de ocupaci\u00f3n israel\u00edes"},"content":{"rendered":"<p><span style=\"color: #800000;\">Jerusal\u00e9n ocupada, SANA<\/span><\/p>\n<p style=\"text-align: justify;\">Un joven palestino perdi\u00f3 la vida por disparos de las fuerzas de ocupaci\u00f3n israel\u00edes en la ciudad de Beita, al sur de Naplusa, en Cisjordania.<\/p>\n<p style=\"text-align: justify;\">La agencia de noticias (MAAN) inform\u00f3 que el joven, Islam Abdel-Ghani Dwaikat, de 22 a\u00f1os, muri\u00f3 debido a sus graves heridas despu\u00e9s de ser disparado hace dos semanas por las fuerzas de ocupaci\u00f3n en la zona de Jaba Al-Arma, en la localidad.<\/p>\n<p style=\"text-align: justify;\">Anteriormente, varios palestinos fueron sofocados con gases lacrim\u00f3genos empleado por las fuerzas de ocupaci\u00f3n israel\u00edes durante su asalto a la aldea de Rumana, al oeste de Jenin en Cisjordania.<\/p>\n<p>M.M<\/p>\n","protected":false},"excerpt":{"rendered":"<p>Jerusal\u00e9n ocupada, SANA Un joven palestino perdi\u00f3 la vida por disparos de las fuerzas de ocupaci\u00f3n israel\u00edes en la ciudad de Beita, al sur de Naplusa, en Cisjordania. La agencia de noticias (MAAN) inform\u00f3 que el joven, Islam Abdel-Ghani Dwaikat, de 22 a\u00f1os, muri\u00f3 debido a sus graves heridas despu\u00e9s de ser disparado hace dos &hellip;<\/p>\n","protected":false},"author":36,"featured_media":135887,"comment_status":"closed","ping_status":"closed","sticky":false,"template":"","format":"standard","meta":{"footnotes":""},"categories":[597,456],"tags":[17705],"class_list":["post-135886","post","type-post","status-publish","format-standard","has-post-thumbnail","","category-cinta-de-noticias","category-arabe-internacional-politica","tag-palestino"],"_links":{"self":[{"href":"https:\/\/archive.sana.sy\/es\/index.php?rest_route=\/wp\/v2\/posts\/135886"}],"collection":[{"href":"https:\/\/archive.sana.sy\/es\/index.php?rest_route=\/wp\/v2\/posts"}],"about":[{"href":"https:\/\/archive.sana.sy\/es\/index.php?rest_route=\/wp\/v2\/types\/post"}],"author":[{"embeddable":true,"href":"https:\/\/archive.sana.sy\/es\/index.php?rest_route=\/wp\/v2\/users\/36"}],"replies":[{"embeddable":true,"href":"https:\/\/archive.sana.sy\/es\/index.php?rest_route=%2Fwp%2Fv2%2Fcomments&post=135886"}],"version-history":[{"count":0,"href":"https:\/\/archive.sana.sy\/es\/index.php?rest_route=\/wp\/v2\/posts\/135886\/revisions"}],"wp:featuredmedia":[{"embeddable":true,"href":"https:\/\/archive.sana.sy\/es\/index.php?rest_route=\/wp\/v2\/media\/135887"}],"wp:attachment":[{"href":"https:\/\/archive.sana.sy\/es\/index.php?rest_route=%2Fwp%2Fv2%2Fmedia&parent=135886"}],"wp:term":[{"taxonomy":"category","embeddable":true,"href":"https:\/\/archive.sana.sy\/es\/index.php?rest_route=%2Fwp%2Fv2%2Fcategories&post=135886"},{"taxonomy":"post_tag","embeddable":true,"href":"https:\/\/archive.sana.sy\/es\/index.php?rest_route=%2Fwp%2Fv2%2Ftags&post=135886"}],"curies":[{"name":"wp","href":"https:\/\/api.w.org\/{rel}","templated":true}]}}