{"id":135927,"date":"2020-04-02T17:47:22","date_gmt":"2020-04-02T14:47:22","guid":{"rendered":"http:\/\/sana.sy\/es\/?p=135927"},"modified":"2020-04-02T19:59:47","modified_gmt":"2020-04-02T16:59:47","slug":"agresion-turca-deja-sin-agua-la-ciudad-de-hasakeh","status":"publish","type":"post","link":"https:\/\/archive.sana.sy\/es\/?p=135927","title":{"rendered":"Agresi\u00f3n turca deja sin agua potable a la ciudad de Hasakeh y sus alrededores"},"content":{"rendered":"<p>Hasakeh, SANA<\/p>\n<p>La conductora de agua potable que alimenta la capital provincial Hasakeh y sus alrededores fue seriamente da\u00f1ada tras ataques con morteros perpetrados por el ocupante turco y sus mercenarios terroristas.<\/p>\n<p>El Gerente de la Empresa de Agua en la provincia de Hasakeh, Mahmoud Akleh, dijo en declaraciones a SANA que la conductora de agua de la planta de bombeo de Alouk en la regi\u00f3n de Tal Temer sali\u00f3 de servicio tras agresi\u00f3n turca con morteros.<\/p>\n<p>Indic\u00f3 que se suspendi\u00f3 el bombeo de agua temporalmente para permitir a los equipos de t\u00e9cnicos trabajar y reparar la tuber\u00eda.<\/p>\n<p>Turqu\u00eda y sus mercenarios han dejado en varios ocasiones a casi un mill\u00f3n de personas sin agua tras interrumpir el funcionamiento de la planta Alouk, que es la principal fuente de agua en la provincia de Hasakeh.<\/p>\n<p>Y.K.<\/p>\n","protected":false},"excerpt":{"rendered":"<p>Hasakeh, SANA La conductora de agua potable que alimenta la capital provincial Hasakeh y sus alrededores fue seriamente da\u00f1ada tras ataques con morteros perpetrados por el ocupante turco y sus mercenarios terroristas. El Gerente de la Empresa de Agua en la provincia de Hasakeh, Mahmoud Akleh, dijo en declaraciones a SANA que la conductora de &hellip;<\/p>\n","protected":false},"author":1,"featured_media":135928,"comment_status":"closed","ping_status":"closed","sticky":false,"template":"","format":"standard","meta":{"footnotes":""},"categories":[573,7541],"tags":[],"class_list":["post-135927","post","type-post","status-publish","format-standard","has-post-thumbnail","","category-la-realidad-de-los-acontecimientos-en-siria","category-ultimas-noticias"],"_links":{"self":[{"href":"https:\/\/archive.sana.sy\/es\/index.php?rest_route=\/wp\/v2\/posts\/135927"}],"collection":[{"href":"https:\/\/archive.sana.sy\/es\/index.php?rest_route=\/wp\/v2\/posts"}],"about":[{"href":"https:\/\/archive.sana.sy\/es\/index.php?rest_route=\/wp\/v2\/types\/post"}],"author":[{"embeddable":true,"href":"https:\/\/archive.sana.sy\/es\/index.php?rest_route=\/wp\/v2\/users\/1"}],"replies":[{"embeddable":true,"href":"https:\/\/archive.sana.sy\/es\/index.php?rest_route=%2Fwp%2Fv2%2Fcomments&post=135927"}],"version-history":[{"count":0,"href":"https:\/\/archive.sana.sy\/es\/index.php?rest_route=\/wp\/v2\/posts\/135927\/revisions"}],"wp:featuredmedia":[{"embeddable":true,"href":"https:\/\/archive.sana.sy\/es\/index.php?rest_route=\/wp\/v2\/media\/135928"}],"wp:attachment":[{"href":"https:\/\/archive.sana.sy\/es\/index.php?rest_route=%2Fwp%2Fv2%2Fmedia&parent=135927"}],"wp:term":[{"taxonomy":"category","embeddable":true,"href":"https:\/\/archive.sana.sy\/es\/index.php?rest_route=%2Fwp%2Fv2%2Fcategories&post=135927"},{"taxonomy":"post_tag","embeddable":true,"href":"https:\/\/archive.sana.sy\/es\/index.php?rest_route=%2Fwp%2Fv2%2Ftags&post=135927"}],"curies":[{"name":"wp","href":"https:\/\/api.w.org\/{rel}","templated":true}]}}