{"id":136013,"date":"2020-04-03T15:19:02","date_gmt":"2020-04-03T12:19:02","guid":{"rendered":"http:\/\/sana.sy\/es\/?p=136013"},"modified":"2023-01-12T14:44:35","modified_gmt":"2023-01-12T12:44:35","slug":"nuevo-ataque-aereo-saudita-mata-a-3-civiles-en-yemen","status":"publish","type":"post","link":"https:\/\/archive.sana.sy\/es\/?p=136013","title":{"rendered":"Unidades de defensa antia\u00e9rea yemen\u00edes rechazan ataque a\u00e9reo saudita en el distrito de Al-Hazm"},"content":{"rendered":"<p><span style=\"color: #800000;\">San\u00e1, SANA<\/span><\/p>\n<p style=\"text-align: justify;\">Las defensas antia\u00e9reas yemen\u00edes frustraron una nueva agresi\u00f3n a\u00e9rea de la coalici\u00f3n de saudita en el espacio a\u00e9reo del distrito de Al-Hazm, Gobernaci\u00f3n de Yauf.<\/p>\n<p style=\"text-align: justify;\">El sitio web de Al-Masirah que \u201d las unidades de defensa antia\u00e9rea respondieron a un avi\u00f3n de combate saudita con una serie de misiles del sistema Fater-1, en el espacio a\u00e9reo de Al-Hazm, Gobernaci\u00f3n de Yauf\u201d.<\/p>\n<p style=\"text-align: justify;\">Seg\u00fan la fuente, el fuego de la defensa antia\u00e9rea oblig\u00f3 al aeronave enemigo a abandonar el espacio a\u00e9reo antes de llevar a cabo misiones hostiles\u201d.<\/p>\n<p style=\"text-align: justify;\"><span style=\"color: #0000ff;\">Nuevo ataque a\u00e9reo saudita mata a 3 civiles en Yemen<\/span><\/p>\n<p style=\"text-align: justify;\">Al menos 3 yemen\u00edes murieron y una mujer result\u00f3 herida, este viernes, debido a un ataque a\u00e9reo de la coalici\u00f3n saudita efectuado contra la gobernaci\u00f3n de Saada, al norte de Yemen.<\/p>\n<p style=\"text-align: justify;\">\u201c Las fuerzas a\u00e9reas de la agresi\u00f3n saudita realizaron una redada contra una casa ubicada en la zona de Ghafra, distrito de Al-Zahir, lo que result\u00f3 en la muerte de tres yemen\u00edes y heridas a una mujer, adem\u00e1s de destruir la casa\u201d, seg\u00fan inform\u00f3 el sitio web de Al-Masirah.<\/p>\n<p style=\"text-align: justify;\">Anteriormente, cinco yemen\u00edes perdieron la vida en bombardeos de mercenarios de la agresi\u00f3n saudita en la gobernaci\u00f3n de Marib, mientras que los cazas sauditas lanzaron 10 incursiones contra el distrito de Al-Hazm.<\/p>\n<p>M.M<\/p>\n","protected":false},"excerpt":{"rendered":"<p>San\u00e1, SANA Las defensas antia\u00e9reas yemen\u00edes frustraron una nueva agresi\u00f3n a\u00e9rea de la coalici\u00f3n de saudita en el espacio a\u00e9reo del distrito de Al-Hazm, Gobernaci\u00f3n de Yauf. El sitio web de Al-Masirah que \u201d las unidades de defensa antia\u00e9rea respondieron a un avi\u00f3n de combate saudita con una serie de misiles del sistema Fater-1, en &hellip;<\/p>\n","protected":false},"author":36,"featured_media":136018,"comment_status":"closed","ping_status":"closed","sticky":false,"template":"","format":"standard","meta":{"footnotes":""},"categories":[597,456,457],"tags":[6304],"class_list":["post-136013","post","type-post","status-publish","format-standard","has-post-thumbnail","","category-cinta-de-noticias","category-arabe-internacional-politica","category-noticias-arabe-internacional-politica","tag-yemen"],"_links":{"self":[{"href":"https:\/\/archive.sana.sy\/es\/index.php?rest_route=\/wp\/v2\/posts\/136013"}],"collection":[{"href":"https:\/\/archive.sana.sy\/es\/index.php?rest_route=\/wp\/v2\/posts"}],"about":[{"href":"https:\/\/archive.sana.sy\/es\/index.php?rest_route=\/wp\/v2\/types\/post"}],"author":[{"embeddable":true,"href":"https:\/\/archive.sana.sy\/es\/index.php?rest_route=\/wp\/v2\/users\/36"}],"replies":[{"embeddable":true,"href":"https:\/\/archive.sana.sy\/es\/index.php?rest_route=%2Fwp%2Fv2%2Fcomments&post=136013"}],"version-history":[{"count":0,"href":"https:\/\/archive.sana.sy\/es\/index.php?rest_route=\/wp\/v2\/posts\/136013\/revisions"}],"wp:featuredmedia":[{"embeddable":true,"href":"https:\/\/archive.sana.sy\/es\/index.php?rest_route=\/wp\/v2\/media\/136018"}],"wp:attachment":[{"href":"https:\/\/archive.sana.sy\/es\/index.php?rest_route=%2Fwp%2Fv2%2Fmedia&parent=136013"}],"wp:term":[{"taxonomy":"category","embeddable":true,"href":"https:\/\/archive.sana.sy\/es\/index.php?rest_route=%2Fwp%2Fv2%2Fcategories&post=136013"},{"taxonomy":"post_tag","embeddable":true,"href":"https:\/\/archive.sana.sy\/es\/index.php?rest_route=%2Fwp%2Fv2%2Ftags&post=136013"}],"curies":[{"name":"wp","href":"https:\/\/api.w.org\/{rel}","templated":true}]}}