{"id":136021,"date":"2020-04-03T17:41:58","date_gmt":"2020-04-03T14:41:58","guid":{"rendered":"http:\/\/sana.sy\/es\/?p=136021"},"modified":"2020-04-04T08:01:35","modified_gmt":"2020-04-04T05:01:35","slug":"consejo-de-ministros-prorroga-la-suspension-de-actividades-culturales-hasta-un-nuevo-aviso","status":"publish","type":"post","link":"https:\/\/archive.sana.sy\/es\/?p=136021","title":{"rendered":"Gobierno prorroga suspensi\u00f3n de eventos culturales hasta nuevo aviso por Covid-19"},"content":{"rendered":"<p class=\"x_ydp120c47a8MsoNormal\"><span lang=\"ES-TRAD\" style=\"color: #800000;\">Damasco, SANA<\/span><\/p>\n<p class=\"x_ydp120c47a8MsoNormal\" style=\"text-align: justify;\"><span lang=\"ES-TRAD\">La Presidencia del Consejo de Ministros decidi\u00f3 prorrogar hasta nuevo aviso la suspensi\u00f3n de los eventos culturales en todo el pa\u00eds.<\/span><\/p>\n<p class=\"x_ydp120c47a8MsoNormal\" style=\"text-align: justify;\"><span lang=\"ES-TRAD\">La decisi\u00f3n informada mediante un comunicado de la Oficina de Prensa del Gabinete, forma parte de las medidas de precauci\u00f3n tomadas para enfrentar la pandemia del nuevo coronavirus.<\/span><\/p>\n<p class=\"x_ydp120c47a8MsoNormal\" style=\"text-align: justify;\"><span lang=\"ES-TRAD\">El mes pasado, el Ministerio de Cultura anunci\u00f3 suspender todas las actividades culturales en todas las provincias como parte de las actuales medidas de prevenci\u00f3n.<\/span><\/p>\n<p>&nbsp;<\/p>\n<p style=\"text-align: justify;\">M.M\/ F.M<\/p>\n","protected":false},"excerpt":{"rendered":"<p>Damasco, SANA La Presidencia del Consejo de Ministros decidi\u00f3 prorrogar hasta nuevo aviso la suspensi\u00f3n de los eventos culturales en todo el pa\u00eds. La decisi\u00f3n informada mediante un comunicado de la Oficina de Prensa del Gabinete, forma parte de las medidas de precauci\u00f3n tomadas para enfrentar la pandemia del nuevo coronavirus. El mes pasado, el &hellip;<\/p>\n","protected":false},"author":36,"featured_media":136022,"comment_status":"closed","ping_status":"closed","sticky":false,"template":"","format":"standard","meta":{"footnotes":""},"categories":[597,476,7541],"tags":[],"class_list":["post-136021","post","type-post","status-publish","format-standard","has-post-thumbnail","","category-cinta-de-noticias","category-locales","category-ultimas-noticias"],"_links":{"self":[{"href":"https:\/\/archive.sana.sy\/es\/index.php?rest_route=\/wp\/v2\/posts\/136021"}],"collection":[{"href":"https:\/\/archive.sana.sy\/es\/index.php?rest_route=\/wp\/v2\/posts"}],"about":[{"href":"https:\/\/archive.sana.sy\/es\/index.php?rest_route=\/wp\/v2\/types\/post"}],"author":[{"embeddable":true,"href":"https:\/\/archive.sana.sy\/es\/index.php?rest_route=\/wp\/v2\/users\/36"}],"replies":[{"embeddable":true,"href":"https:\/\/archive.sana.sy\/es\/index.php?rest_route=%2Fwp%2Fv2%2Fcomments&post=136021"}],"version-history":[{"count":0,"href":"https:\/\/archive.sana.sy\/es\/index.php?rest_route=\/wp\/v2\/posts\/136021\/revisions"}],"wp:featuredmedia":[{"embeddable":true,"href":"https:\/\/archive.sana.sy\/es\/index.php?rest_route=\/wp\/v2\/media\/136022"}],"wp:attachment":[{"href":"https:\/\/archive.sana.sy\/es\/index.php?rest_route=%2Fwp%2Fv2%2Fmedia&parent=136021"}],"wp:term":[{"taxonomy":"category","embeddable":true,"href":"https:\/\/archive.sana.sy\/es\/index.php?rest_route=%2Fwp%2Fv2%2Fcategories&post=136021"},{"taxonomy":"post_tag","embeddable":true,"href":"https:\/\/archive.sana.sy\/es\/index.php?rest_route=%2Fwp%2Fv2%2Ftags&post=136021"}],"curies":[{"name":"wp","href":"https:\/\/api.w.org\/{rel}","templated":true}]}}