{"id":136034,"date":"2020-04-04T08:03:41","date_gmt":"2020-04-04T05:03:41","guid":{"rendered":"http:\/\/sana.sy\/es\/?p=136034"},"modified":"2020-04-04T08:04:08","modified_gmt":"2020-04-04T05:04:08","slug":"sismo-de-magnitud-4-7-se-siente-en-cinco-provincias-sirias","status":"publish","type":"post","link":"https:\/\/archive.sana.sy\/es\/?p=136034","title":{"rendered":"Sismo de magnitud 4.7 se siente en cinco provincias sirias"},"content":{"rendered":"<p style=\"text-align: justify;\"><span style=\"color: #800000;\"><strong><span lang=\"ES-TRAD\">Damasco, SANA<\/span><\/strong><\/span><\/p>\n<p style=\"text-align: justify;\"><span lang=\"ES-TRAD\">El Centro Nacional de S\u00edsmica inform\u00f3 que un temblor de tierra de magnitud 4.7 en la escala de Richter se registr\u00f3 frente a la costa siria, a 65 km de la ciudad de Latakia.<\/span><\/p>\n<p style=\"text-align: justify;\"><span lang=\"ES-TRAD\">El temblor sucedi\u00f3 a las 21:15 pm a 20 kil\u00f3metros de profundidad y se sinti\u00f3 en las provincias sirias de Alepo, Latakia, Tartous, Homs y Hama, agreg\u00f3 el Centro.<\/span><\/p>\n<p style=\"text-align: justify;\"><span lang=\"ES-TRAD\">Agreg\u00f3 que se registr\u00f3 una r\u00e9plica de magnitud 2.5 en la escala de Richter y a una profundidad de 9 km a las 21:26 hora local, y unos 48 km de la ciudad de Latakia.<\/span><\/p>\n<p style=\"text-align: justify;\"><span lang=\"ES-TRAD\">Un sismo de magnitud 3.0 en la escala de Richter y de 20 km de profundidad, se registr\u00f3 el pasado 27 de marzo frente a las costas sirias, cerca de la zona fronteriza con El L\u00edbano.<\/span><\/p>\n<p style=\"text-align: justify;\"><span style=\"color: #0000ff;\"><strong>F. M.\/ A. H.<\/strong><\/span><\/p>\n<p>Actual\u00edzate m\u00e1s:<br \/>\n<a href=\"https:\/\/www.facebook.com\/Agencia.SANA\/?__tn__=K-R&amp;eid=ARA28gOP5akqeV3ttXr1tslydNqTwjamXgv_eKrCEWs3M2Fkv-dndVvK24EAs0H02WzFbK3Y2rDwFGdV&amp;fref=mentions&amp;__xts__%5B0%5D=68.ARCfnXeSahMMGSy_HjEOBmt-XvRHji2RpWEkOhZVUk8-Qe4l9qWC5SF8ok8ZIdRYKaZTRIrWtVCdHgKVl6WVLwG4_OoD3wHB8ySeZFcKM0y50KiqS54QHqx4soJOLpZz4UCpZjgHqq3LONi3A6WxZiSPt4KIX3fS5ao84puoC4KO8TFC4s1QgC_f4zgfn0QgPJmfmKq2ItetduG1PAMZFHOQ_msdI-w4WWTJ8eiMDuNSgl2tKHiPivh3WPAzN_jWnmwSiQD-yezpWKmGEy-11MLNUgkWhuckmo7a4r7uT1xAtcX_AHouLDBACKRftTxU9SNY\" target=\"_blank\" rel=\"nofollow noopener noreferrer\" data-saferedirecturl=\"https:\/\/www.google.com\/url?q=https:\/\/www.facebook.com\/Agencia.SANA\/?__tn__%3DK-R%26eid%3DARA28gOP5akqeV3ttXr1tslydNqTwjamXgv_eKrCEWs3M2Fkv-dndVvK24EAs0H02WzFbK3Y2rDwFGdV%26fref%3Dmentions%26__xts__%255B0%255D%3D68.ARCfnXeSahMMGSy_HjEOBmt-XvRHji2RpWEkOhZVUk8-Qe4l9qWC5SF8ok8ZIdRYKaZTRIrWtVCdHgKVl6WVLwG4_OoD3wHB8ySeZFcKM0y50KiqS54QHqx4soJOLpZz4UCpZjgHqq3LONi3A6WxZiSPt4KIX3fS5ao84puoC4KO8TFC4s1QgC_f4zgfn0QgPJmfmKq2ItetduG1PAMZFHOQ_msdI-w4WWTJ8eiMDuNSgl2tKHiPivh3WPAzN_jWnmwSiQD-yezpWKmGEy-11MLNUgkWhuckmo7a4r7uT1xAtcX_AHouLDBACKRftTxU9SNY&amp;source=gmail&amp;ust=1586063028936000&amp;usg=AFQjCNEIx3_yhqQ1B1g81jES4aHKcw4NOg\">https:\/\/www.facebook.com\/<wbr \/>Agencia.SANA\/<\/a><br \/>\n<a href=\"https:\/\/t.me\/AgenciasiriaSANA?fbclid=IwAR3RmAD5RuQIabGAsNRfaA38Mo2ChU8RHyhtmhNgq9gB-P8wYKz9oLgpxXI\" target=\"_blank\" rel=\"nofollow noopener noreferrer\" data-saferedirecturl=\"https:\/\/www.google.com\/url?q=https:\/\/t.me\/AgenciasiriaSANA?fbclid%3DIwAR3RmAD5RuQIabGAsNRfaA38Mo2ChU8RHyhtmhNgq9gB-P8wYKz9oLgpxXI&amp;source=gmail&amp;ust=1586063028936000&amp;usg=AFQjCNGQ3wQcYAqpKqb51i_2ryT7dYrhBA\">https:\/\/t.me\/AgenciasiriaSANA<\/a><br \/>\n<a href=\"https:\/\/l.facebook.com\/l.php?u=https%3A%2F%2Ftwitter.com%2FSanaAgencia%3Ffbclid%3DIwAR1xVa3JxYx_0ZmRcykcbDVapTgbLnELpo59QFfRWEb6_wkKUogvCRjxWXc&amp;h=AT1nMEUj_X_1Xms1KQOxYXED3m_e6cirAaKOD86DzVuJXaLemCJGrkjjcN_j_NpH2jjsxpwhmybi3qdqX9m859yissjVwD8qF5SPXqa9doKjMQklm6x9t2ZxqS9loc7fYglXDkWprinbYdYmVBKYc12iYwvRrek4Q8neCg7JznDAb0Sjc6LbZaKsSMj2YQEa5_kQ6FLOqddlX0McsrlmmrcKY52HmIdVahJKLQJGB8Bvhzge10yOR6AnqixmXEMet1Sv__In7jK_T6Tkzh2yMOwwkUpejiKAmgB-VriZXGRLK3ZC6j_t99nAxlcHbHqwMF9lBUxV8Wt5owcZ6Zd8w8X5Re1L6sVfMwD2e_WDt73tvYvt2SiaOESjZJPGoTC2z6Ac2GuLM4NMgRTIAStXWQ0vXWg1CIWNyjBkyLOG93QvvxNGEj48iiKGPCany3j8j6rR74rzR5QM5HPmIB8C7OWT65feG7nECiVoPbRJGSq7aKKqKzZgNW0pMKnthCqq3_TDRgCmy34tTYvkaKVsTqX_vC7Ghd_Q_qOYUpCbhQCmgDRluLf347ueQc1Cn9lxeLU2to0gd_0ZMZY_CuZvKTpgy8e-Yo1QsVvZ4Q\" target=\"_blank\" rel=\"nofollow noopener noreferrer\" data-saferedirecturl=\"https:\/\/www.google.com\/url?q=https:\/\/l.facebook.com\/l.php?u%3Dhttps%253A%252F%252Ftwitter.com%252FSanaAgencia%253Ffbclid%253DIwAR1xVa3JxYx_0ZmRcykcbDVapTgbLnELpo59QFfRWEb6_wkKUogvCRjxWXc%26h%3DAT1nMEUj_X_1Xms1KQOxYXED3m_e6cirAaKOD86DzVuJXaLemCJGrkjjcN_j_NpH2jjsxpwhmybi3qdqX9m859yissjVwD8qF5SPXqa9doKjMQklm6x9t2ZxqS9loc7fYglXDkWprinbYdYmVBKYc12iYwvRrek4Q8neCg7JznDAb0Sjc6LbZaKsSMj2YQEa5_kQ6FLOqddlX0McsrlmmrcKY52HmIdVahJKLQJGB8Bvhzge10yOR6AnqixmXEMet1Sv__In7jK_T6Tkzh2yMOwwkUpejiKAmgB-VriZXGRLK3ZC6j_t99nAxlcHbHqwMF9lBUxV8Wt5owcZ6Zd8w8X5Re1L6sVfMwD2e_WDt73tvYvt2SiaOESjZJPGoTC2z6Ac2GuLM4NMgRTIAStXWQ0vXWg1CIWNyjBkyLOG93QvvxNGEj48iiKGPCany3j8j6rR74rzR5QM5HPmIB8C7OWT65feG7nECiVoPbRJGSq7aKKqKzZgNW0pMKnthCqq3_TDRgCmy34tTYvkaKVsTqX_vC7Ghd_Q_qOYUpCbhQCmgDRluLf347ueQc1Cn9lxeLU2to0gd_0ZMZY_CuZvKTpgy8e-Yo1QsVvZ4Q&amp;source=gmail&amp;ust=1586063028936000&amp;usg=AFQjCNGvGCah-vvckqDH1ZQDvJXFgQNbpQ\">https:\/\/twitter.com\/<wbr \/>SanaAgencia<\/a><\/p>\n","protected":false},"excerpt":{"rendered":"<p>Damasco, SANA El Centro Nacional de S\u00edsmica inform\u00f3 que un temblor de tierra de magnitud 4.7 en la escala de Richter se registr\u00f3 frente a la costa siria, a 65 km de la ciudad de Latakia. El temblor sucedi\u00f3 a las 21:15 pm a 20 kil\u00f3metros de profundidad y se sinti\u00f3 en las provincias sirias &hellip;<\/p>\n","protected":false},"author":30,"featured_media":136035,"comment_status":"closed","ping_status":"closed","sticky":false,"template":"","format":"standard","meta":{"footnotes":""},"categories":[597,476,7541],"tags":[17714],"class_list":["post-136034","post","type-post","status-publish","format-standard","has-post-thumbnail","","category-cinta-de-noticias","category-locales","category-ultimas-noticias","tag-sismo-de-magnitud-4-7-se-siente-en-cinco-provincias-sirias"],"_links":{"self":[{"href":"https:\/\/archive.sana.sy\/es\/index.php?rest_route=\/wp\/v2\/posts\/136034"}],"collection":[{"href":"https:\/\/archive.sana.sy\/es\/index.php?rest_route=\/wp\/v2\/posts"}],"about":[{"href":"https:\/\/archive.sana.sy\/es\/index.php?rest_route=\/wp\/v2\/types\/post"}],"author":[{"embeddable":true,"href":"https:\/\/archive.sana.sy\/es\/index.php?rest_route=\/wp\/v2\/users\/30"}],"replies":[{"embeddable":true,"href":"https:\/\/archive.sana.sy\/es\/index.php?rest_route=%2Fwp%2Fv2%2Fcomments&post=136034"}],"version-history":[{"count":0,"href":"https:\/\/archive.sana.sy\/es\/index.php?rest_route=\/wp\/v2\/posts\/136034\/revisions"}],"wp:featuredmedia":[{"embeddable":true,"href":"https:\/\/archive.sana.sy\/es\/index.php?rest_route=\/wp\/v2\/media\/136035"}],"wp:attachment":[{"href":"https:\/\/archive.sana.sy\/es\/index.php?rest_route=%2Fwp%2Fv2%2Fmedia&parent=136034"}],"wp:term":[{"taxonomy":"category","embeddable":true,"href":"https:\/\/archive.sana.sy\/es\/index.php?rest_route=%2Fwp%2Fv2%2Fcategories&post=136034"},{"taxonomy":"post_tag","embeddable":true,"href":"https:\/\/archive.sana.sy\/es\/index.php?rest_route=%2Fwp%2Fv2%2Ftags&post=136034"}],"curies":[{"name":"wp","href":"https:\/\/api.w.org\/{rel}","templated":true}]}}