{"id":136134,"date":"2020-04-06T09:05:47","date_gmt":"2020-04-06T06:05:47","guid":{"rendered":"http:\/\/sana.sy\/es\/?p=136134"},"modified":"2020-04-06T14:10:44","modified_gmt":"2020-04-06T11:10:44","slug":"consejo-de-ministros-aprueba-protocolo-de-tratamiento-contra-el-covid-19","status":"publish","type":"post","link":"https:\/\/archive.sana.sy\/es\/?p=136134","title":{"rendered":"Gabinete adopta protocolo de tratamiento al Covid-19 y aprueba recompensa financiera a los trabajadores de la salud"},"content":{"rendered":"<p><span style=\"color: #800000;\">Damasco, SANA<\/span><\/p>\n<p style=\"text-align: justify;\">El Consejo de Ministro repas\u00f3 hoy la implementaci\u00f3n por parte de los diferentes ministerios al plan ejecutivo para hacer frente a la pandemia del nuevo coronavirus.<\/p>\n<p style=\"text-align: justify;\">En su reuni\u00f3n encabezada hoy por el Primer Ministro, Imad Khamis, el Gabinete pas\u00f3 revista a las medias adoptadas a nivel provincial y municipal para afrontar esta pandemia.<\/p>\n<p style=\"text-align: justify;\">Asimismo, aprob\u00f3 el protocolo de tratamiento al SARS-CoV-2 que se adoptar\u00e1 como tratamiento en los hospitales estatales, privados y militares.<\/p>\n<p style=\"text-align: justify;\">El Ministro de Salud, Nizar Yazji, explic\u00f3 la disponibilidad de los centros de cuarentena y aislamiento m\u00e9dico en las provincias y se decidi\u00f3 formar comit\u00e9s de trabajo para garantizar la atenci\u00f3n m\u00e9dica necesitar\u00eda en esos centros.<\/p>\n<p style=\"text-align: justify;\">El Gobierno aprob\u00f3, adem\u00e1s, el Plan Nacional de Respuesta Social de Emergencia&#8221; con el objetivo de movilizar todos los esfuerzos de las autoridades oficiales y de las asociaciones civil para apoyar a los grupos sociales m\u00e1s necesitados (los ancianos y discapacitados) y tambi\u00e9n los trabajadores afectados como resultado de las medidas de prevenci\u00f3n.<\/p>\n<p style=\"text-align: justify;\">Fue aprobada por el Gabinete una recompensa financiera mensual a los trabajadores de la salud y a todo el personal involucrado directamente en la lucha contra la pandemia del Coronavirus.<\/p>\n<p><span style=\"color: #0000ff;\">Y.K\/ F.M.<\/span><\/p>\n","protected":false},"excerpt":{"rendered":"<p>Damasco, SANA El Consejo de Ministro repas\u00f3 hoy la implementaci\u00f3n por parte de los diferentes ministerios al plan ejecutivo para hacer frente a la pandemia del nuevo coronavirus. En su reuni\u00f3n encabezada hoy por el Primer Ministro, Imad Khamis, el Gabinete pas\u00f3 revista a las medias adoptadas a nivel provincial y municipal para afrontar esta &hellip;<\/p>\n","protected":false},"author":1,"featured_media":136135,"comment_status":"closed","ping_status":"closed","sticky":false,"template":"","format":"standard","meta":{"footnotes":""},"categories":[597,476],"tags":[],"class_list":["post-136134","post","type-post","status-publish","format-standard","has-post-thumbnail","","category-cinta-de-noticias","category-locales"],"_links":{"self":[{"href":"https:\/\/archive.sana.sy\/es\/index.php?rest_route=\/wp\/v2\/posts\/136134"}],"collection":[{"href":"https:\/\/archive.sana.sy\/es\/index.php?rest_route=\/wp\/v2\/posts"}],"about":[{"href":"https:\/\/archive.sana.sy\/es\/index.php?rest_route=\/wp\/v2\/types\/post"}],"author":[{"embeddable":true,"href":"https:\/\/archive.sana.sy\/es\/index.php?rest_route=\/wp\/v2\/users\/1"}],"replies":[{"embeddable":true,"href":"https:\/\/archive.sana.sy\/es\/index.php?rest_route=%2Fwp%2Fv2%2Fcomments&post=136134"}],"version-history":[{"count":0,"href":"https:\/\/archive.sana.sy\/es\/index.php?rest_route=\/wp\/v2\/posts\/136134\/revisions"}],"wp:featuredmedia":[{"embeddable":true,"href":"https:\/\/archive.sana.sy\/es\/index.php?rest_route=\/wp\/v2\/media\/136135"}],"wp:attachment":[{"href":"https:\/\/archive.sana.sy\/es\/index.php?rest_route=%2Fwp%2Fv2%2Fmedia&parent=136134"}],"wp:term":[{"taxonomy":"category","embeddable":true,"href":"https:\/\/archive.sana.sy\/es\/index.php?rest_route=%2Fwp%2Fv2%2Fcategories&post=136134"},{"taxonomy":"post_tag","embeddable":true,"href":"https:\/\/archive.sana.sy\/es\/index.php?rest_route=%2Fwp%2Fv2%2Ftags&post=136134"}],"curies":[{"name":"wp","href":"https:\/\/api.w.org\/{rel}","templated":true}]}}