{"id":136189,"date":"2020-04-06T12:31:47","date_gmt":"2020-04-06T09:31:47","guid":{"rendered":"http:\/\/sana.sy\/es\/?p=136189"},"modified":"2020-04-06T12:31:47","modified_gmt":"2020-04-06T09:31:47","slug":"incendio-en-refineria-de-banias-causa-lesiones-a-cuatro-trabajadores","status":"publish","type":"post","link":"https:\/\/archive.sana.sy\/es\/?p=136189","title":{"rendered":"Incendio en refiner\u00eda de Banias causa lesiones a cuatro trabajadores"},"content":{"rendered":"<p><span style=\"color: #800000;\">Damasco, SANA<\/span><\/p>\n<p style=\"text-align: justify;\">Un comunicado del Ministerio de Petr\u00f3leo y Recursos Minerales inform\u00f3 que cuatro trabajadores resultaron heridos a consecuencia de un incendio en la refiner\u00eda de la ciudad de Banias, en la provincia costera siria de Tartous.<\/p>\n<p style=\"text-align: justify;\">El director de la refiner\u00eda, Bassam Salameh, declar\u00f3 a SANA que el incendi\u00f3 se debi\u00f3 a la filtraci\u00f3n del gas hidr\u00f3geno durante las obras de reparaci\u00f3n en la Unidad de Mejoramiento de la Gasolina en la refiner\u00eda.<\/p>\n<p style=\"text-align: justify;\">Indic\u00f3 que cuatro trabajadores resultaron levemente heridos y fueron trasladados al hospital.<\/p>\n<p style=\"text-align: justify;\">Seg\u00fan Salameh, los bomberos extinguieron el fuego y la refiner\u00eda ha vuelto a funcionar.<\/p>\n<p><span style=\"color: #0000ff;\">FM\/ RR<\/span><\/p>\n","protected":false},"excerpt":{"rendered":"<p>Damasco, SANA Un comunicado del Ministerio de Petr\u00f3leo y Recursos Minerales inform\u00f3 que cuatro trabajadores resultaron heridos a consecuencia de un incendio en la refiner\u00eda de la ciudad de Banias, en la provincia costera siria de Tartous. El director de la refiner\u00eda, Bassam Salameh, declar\u00f3 a SANA que el incendi\u00f3 se debi\u00f3 a la filtraci\u00f3n &hellip;<\/p>\n","protected":false},"author":31,"featured_media":136193,"comment_status":"closed","ping_status":"closed","sticky":false,"template":"","format":"standard","meta":{"footnotes":""},"categories":[597,476,7541],"tags":[],"class_list":["post-136189","post","type-post","status-publish","format-standard","has-post-thumbnail","","category-cinta-de-noticias","category-locales","category-ultimas-noticias"],"_links":{"self":[{"href":"https:\/\/archive.sana.sy\/es\/index.php?rest_route=\/wp\/v2\/posts\/136189"}],"collection":[{"href":"https:\/\/archive.sana.sy\/es\/index.php?rest_route=\/wp\/v2\/posts"}],"about":[{"href":"https:\/\/archive.sana.sy\/es\/index.php?rest_route=\/wp\/v2\/types\/post"}],"author":[{"embeddable":true,"href":"https:\/\/archive.sana.sy\/es\/index.php?rest_route=\/wp\/v2\/users\/31"}],"replies":[{"embeddable":true,"href":"https:\/\/archive.sana.sy\/es\/index.php?rest_route=%2Fwp%2Fv2%2Fcomments&post=136189"}],"version-history":[{"count":0,"href":"https:\/\/archive.sana.sy\/es\/index.php?rest_route=\/wp\/v2\/posts\/136189\/revisions"}],"wp:featuredmedia":[{"embeddable":true,"href":"https:\/\/archive.sana.sy\/es\/index.php?rest_route=\/wp\/v2\/media\/136193"}],"wp:attachment":[{"href":"https:\/\/archive.sana.sy\/es\/index.php?rest_route=%2Fwp%2Fv2%2Fmedia&parent=136189"}],"wp:term":[{"taxonomy":"category","embeddable":true,"href":"https:\/\/archive.sana.sy\/es\/index.php?rest_route=%2Fwp%2Fv2%2Fcategories&post=136189"},{"taxonomy":"post_tag","embeddable":true,"href":"https:\/\/archive.sana.sy\/es\/index.php?rest_route=%2Fwp%2Fv2%2Ftags&post=136189"}],"curies":[{"name":"wp","href":"https:\/\/api.w.org\/{rel}","templated":true}]}}