{"id":136259,"date":"2020-04-07T16:30:25","date_gmt":"2020-04-07T13:30:25","guid":{"rendered":"http:\/\/sana.sy\/es\/?p=136259"},"modified":"2023-01-10T14:33:28","modified_gmt":"2023-01-10T12:33:28","slug":"el-ocupante-turco-y-sus-mercenarios-bombardean-localidades-en-provincia-de-hasakeh-siria","status":"publish","type":"post","link":"https:\/\/archive.sana.sy\/es\/?p=136259","title":{"rendered":"El ocupante turco y sus mercenarios bombardean localidades en provincia de Hasakeh, Siria"},"content":{"rendered":"<p style=\"text-align: justify\"><strong><span style=\"color: #800000\">Hasakeh, SANA<\/span><\/strong><\/p>\n<p style=\"text-align: justify\">Las fuerzas de ocupaci\u00f3n turcas y sus mercenarios terroristas bombardearon varias localidades en la provincia de Hasakeh, 866 km al nordeste de la capital Damasco.<\/p>\n<p style=\"text-align: justify\">Seg\u00fan report\u00f3 el corresponsal de SANA en Hasakeh, las fuerzas de ocupaci\u00f3n turcas y las organizaciones terroristas que apadrinan bombardearon las localidades de Tel Temer y Abu Raseen, lo que provoc\u00f3 da\u00f1os materiales en las propiedades de los civiles.<\/p>\n<p style=\"text-align: justify\">A su vez, activistas locales informaron que los mercenarios del r\u00e9gimen turco bombardearon con morteros y artiller\u00eda desde los puntos de observaci\u00f3n turcos en las aldeas de Anq al-Hawa y Tel Mendel, a Tel Temer y Abu Raseen, e indicaron que las fuerzas de ocupaci\u00f3n turcas participaron m\u00e1s tarde en los ataques y dispararon proyectiles desde el territorio turco.<\/p>\n<p style=\"text-align: justify\">El jueves \u00faltimo, dos personas cayeron m\u00e1rtires y otras cuatro resultaron heridas en una agresi\u00f3n turca en la provincia nororiental siria de Hasakeh.<\/p>\n<p style=\"text-align: justify\"><span style=\"color: #0000ff\"><strong>F.M<\/strong><\/span><\/p>\n","protected":false},"excerpt":{"rendered":"<p>Hasakeh, SANA Las fuerzas de ocupaci\u00f3n turcas y sus mercenarios terroristas bombardearon varias localidades en la provincia de Hasakeh, 866 km al nordeste de la capital Damasco. Seg\u00fan report\u00f3 el corresponsal de SANA en Hasakeh, las fuerzas de ocupaci\u00f3n turcas y las organizaciones terroristas que apadrinan bombardearon las localidades de Tel Temer y Abu Raseen, &hellip;<\/p>\n","protected":false},"author":34,"featured_media":135901,"comment_status":"closed","ping_status":"closed","sticky":false,"template":"","format":"standard","meta":{"footnotes":""},"categories":[477,447,597,573,476,7541],"tags":[],"class_list":["post-136259","post","type-post","status-publish","format-standard","has-post-thumbnail","","category-noticias-edulcorantes","category-local-politica","category-cinta-de-noticias","category-la-realidad-de-los-acontecimientos-en-siria","category-locales","category-ultimas-noticias"],"_links":{"self":[{"href":"https:\/\/archive.sana.sy\/es\/index.php?rest_route=\/wp\/v2\/posts\/136259"}],"collection":[{"href":"https:\/\/archive.sana.sy\/es\/index.php?rest_route=\/wp\/v2\/posts"}],"about":[{"href":"https:\/\/archive.sana.sy\/es\/index.php?rest_route=\/wp\/v2\/types\/post"}],"author":[{"embeddable":true,"href":"https:\/\/archive.sana.sy\/es\/index.php?rest_route=\/wp\/v2\/users\/34"}],"replies":[{"embeddable":true,"href":"https:\/\/archive.sana.sy\/es\/index.php?rest_route=%2Fwp%2Fv2%2Fcomments&post=136259"}],"version-history":[{"count":0,"href":"https:\/\/archive.sana.sy\/es\/index.php?rest_route=\/wp\/v2\/posts\/136259\/revisions"}],"wp:featuredmedia":[{"embeddable":true,"href":"https:\/\/archive.sana.sy\/es\/index.php?rest_route=\/wp\/v2\/media\/135901"}],"wp:attachment":[{"href":"https:\/\/archive.sana.sy\/es\/index.php?rest_route=%2Fwp%2Fv2%2Fmedia&parent=136259"}],"wp:term":[{"taxonomy":"category","embeddable":true,"href":"https:\/\/archive.sana.sy\/es\/index.php?rest_route=%2Fwp%2Fv2%2Fcategories&post=136259"},{"taxonomy":"post_tag","embeddable":true,"href":"https:\/\/archive.sana.sy\/es\/index.php?rest_route=%2Fwp%2Fv2%2Ftags&post=136259"}],"curies":[{"name":"wp","href":"https:\/\/api.w.org\/{rel}","templated":true}]}}