{"id":136290,"date":"2020-04-07T16:04:45","date_gmt":"2020-04-07T13:04:45","guid":{"rendered":"http:\/\/sana.sy\/es\/?p=136290"},"modified":"2023-01-10T14:33:28","modified_gmt":"2023-01-10T12:33:28","slug":"ministerio-de-economia-suspende-exportacion-de-algunos-farmacos-en-el-marco-de-la-lucha-contra-coronavirus","status":"publish","type":"post","link":"https:\/\/archive.sana.sy\/es\/?p=136290","title":{"rendered":"Siria suspende exportaci\u00f3n de algunos f\u00e1rmacos en el marco de la lucha contra Coronavirus"},"content":{"rendered":"<p style=\"text-align: justify\"><span style=\"color: #800000\">Damasco, SANA<\/span><\/p>\n<div style=\"text-align: justify\">\n<p><span lang=\"ES-TRAD\">El Ministerio de Econom\u00eda y Comercio Exterior suspendi\u00f3 la exportaci\u00f3n de algunos f\u00e1rmacos, tales como la Asitromicina y la Cloroquina, adem\u00e1s del Cetamol y el Paracetamol, entre otros antipir\u00e9ticos similares.<\/span><\/p>\n<p><span lang=\"ES-TRAD\">En una circular el Ministerio indic\u00f3 que esta decisi\u00f3n entra en vigor a partir de hoy y hasta nuevo aviso.<\/span><\/p>\n<p><span lang=\"ES-TRAD\">La decisi\u00f3n va en el marco de las medidas adoptadas para combatir el Coronavirus y con el objetivo de poder garantizar la disponibilidad de los referidos medicamentos en el mercado local.<\/span><\/p>\n<p><span lang=\"ES-TRAD\">El Ministro de Salud de Siria, Nizar Yazegi, anunci\u00f3 la v\u00edspera el protocolo de tratamiento m\u00e9dico al Covid-19 en Siria, el cual incluye tres mecanismos de terapia con medicamentos fabricados en Siria.<\/span><\/p>\n<p><span lang=\"ES-TRAD\">Los f\u00e1rmacos son: Cloroquina, producido por seis f\u00e1bricas en Siria desde hace a\u00f1os; Azitromicina, fabricada en Siria; Interfer\u00f3n, tambi\u00e9n lo produce Siria; y un medicamento empleado contra el VIH y est\u00e1 disponible actualmente en el pa\u00eds.<\/span><\/p>\n<\/div>\n<p style=\"text-align: justify\"><span style=\"color: #888888\"><br \/>\n<\/span>L.A.\/F.M.<\/p>\n","protected":false},"excerpt":{"rendered":"<p>Damasco, SANA El Ministerio de Econom\u00eda y Comercio Exterior suspendi\u00f3 la exportaci\u00f3n de algunos f\u00e1rmacos, tales como la Asitromicina y la Cloroquina, adem\u00e1s del Cetamol y el Paracetamol, entre otros antipir\u00e9ticos similares. En una circular el Ministerio indic\u00f3 que esta decisi\u00f3n entra en vigor a partir de hoy y hasta nuevo aviso. La decisi\u00f3n va &hellip;<\/p>\n","protected":false},"author":24,"featured_media":136291,"comment_status":"closed","ping_status":"closed","sticky":false,"template":"","format":"standard","meta":{"footnotes":""},"categories":[447,597,476,7541],"tags":[],"class_list":["post-136290","post","type-post","status-publish","format-standard","has-post-thumbnail","","category-local-politica","category-cinta-de-noticias","category-locales","category-ultimas-noticias"],"_links":{"self":[{"href":"https:\/\/archive.sana.sy\/es\/index.php?rest_route=\/wp\/v2\/posts\/136290"}],"collection":[{"href":"https:\/\/archive.sana.sy\/es\/index.php?rest_route=\/wp\/v2\/posts"}],"about":[{"href":"https:\/\/archive.sana.sy\/es\/index.php?rest_route=\/wp\/v2\/types\/post"}],"author":[{"embeddable":true,"href":"https:\/\/archive.sana.sy\/es\/index.php?rest_route=\/wp\/v2\/users\/24"}],"replies":[{"embeddable":true,"href":"https:\/\/archive.sana.sy\/es\/index.php?rest_route=%2Fwp%2Fv2%2Fcomments&post=136290"}],"version-history":[{"count":0,"href":"https:\/\/archive.sana.sy\/es\/index.php?rest_route=\/wp\/v2\/posts\/136290\/revisions"}],"wp:featuredmedia":[{"embeddable":true,"href":"https:\/\/archive.sana.sy\/es\/index.php?rest_route=\/wp\/v2\/media\/136291"}],"wp:attachment":[{"href":"https:\/\/archive.sana.sy\/es\/index.php?rest_route=%2Fwp%2Fv2%2Fmedia&parent=136290"}],"wp:term":[{"taxonomy":"category","embeddable":true,"href":"https:\/\/archive.sana.sy\/es\/index.php?rest_route=%2Fwp%2Fv2%2Fcategories&post=136290"},{"taxonomy":"post_tag","embeddable":true,"href":"https:\/\/archive.sana.sy\/es\/index.php?rest_route=%2Fwp%2Fv2%2Ftags&post=136290"}],"curies":[{"name":"wp","href":"https:\/\/api.w.org\/{rel}","templated":true}]}}