{"id":136459,"date":"2020-04-09T17:23:33","date_gmt":"2020-04-09T14:23:33","guid":{"rendered":"http:\/\/sana.sy\/es\/?p=136459"},"modified":"2020-04-09T17:23:33","modified_gmt":"2020-04-09T14:23:33","slug":"siria-critica-informe-de-la-opaq-y-lo-califica-de-falso-prefabricado-y-escandaloso","status":"publish","type":"post","link":"https:\/\/archive.sana.sy\/es\/?p=136459","title":{"rendered":"Siria critica informe de la OPAQ y lo califica de falso, prefabricado y escandaloso"},"content":{"rendered":"<p>Damasco, SANA<\/p>\n<p>El Ministerio de Exteriores y Emigrantes calific\u00f3 hoy de falso y tergiversado al informe de la Organizaci\u00f3n para la Prohibici\u00f3n de las Armas Qu\u00edmicas (OPAQ) sobre el uso de sustancias t\u00f3xicas en la ciudad de Latamneh en el 2017.<\/p>\n<p>Una declaraci\u00f3n de la Canciller\u00eda asegur\u00f3 que el referido informe falsifica los hechos con el fin de acusar al gobierno sirio.<\/p>\n<p>\u201cEl informe se bas\u00f3 en fuentes y testimonios preparados y fabricadas por los terroristas del Frente Al-Nousra y el llamado grupo terrorista &#8220;Cascos Blancos&#8221; que cumplieron indicaciones de sus patrocinadores en EE.UU, Turqu\u00eda y algunos pa\u00edses occidentales\u201d, indic\u00f3.<\/p>\n<p>La declaraci\u00f3n conden\u00f3 en los t\u00e9rminos m\u00e1s en\u00e9rgicos lo que se mencion\u00f3 en el documento del ilegal equipo de investigaci\u00f3n e identificaci\u00f3n de autor\u00eda&#8221; y rechaz\u00f3 el contenido del mismo.<\/p>\n<p>\u201cSiria niega forma categ\u00f3rica el uso de gases t\u00f3xicos en la ciudad de Latamneh o en cualquier otra ciudad o pueblo de Siria\u201d, afirm\u00f3 el texto de la nota.<\/p>\n<p>Asimismo, se\u00f1al\u00f3 que las conclusiones de ese informe representan otro esc\u00e1ndalo de la OPAQ y sus equipos de investigaci\u00f3n, s\u00famale el esc\u00e1ndalo del informe del supuesto ataque de Duma cerca de Damasco en 2018.<\/p>\n<p>\u201cTodas estas acusaciones falsas y prefabricadas no lograr\u00e1n que Siria detenga su guerra contra el terrorismo y sus partidarios en el marco de la leg\u00edtima defensa de su soberan\u00eda e integridad territorial\u201d, concluy\u00f3 la declaraci\u00f3n.<\/p>\n<p>F.M<\/p>\n","protected":false},"excerpt":{"rendered":"<p>Damasco, SANA El Ministerio de Exteriores y Emigrantes calific\u00f3 hoy de falso y tergiversado al informe de la Organizaci\u00f3n para la Prohibici\u00f3n de las Armas Qu\u00edmicas (OPAQ) sobre el uso de sustancias t\u00f3xicas en la ciudad de Latamneh en el 2017. Una declaraci\u00f3n de la Canciller\u00eda asegur\u00f3 que el referido informe falsifica los hechos con &hellip;<\/p>\n","protected":false},"author":1,"featured_media":136460,"comment_status":"closed","ping_status":"closed","sticky":false,"template":"","format":"standard","meta":{"footnotes":""},"categories":[476,583],"tags":[],"class_list":["post-136459","post","type-post","status-publish","format-standard","has-post-thumbnail","","category-locales","category-slide"],"_links":{"self":[{"href":"https:\/\/archive.sana.sy\/es\/index.php?rest_route=\/wp\/v2\/posts\/136459"}],"collection":[{"href":"https:\/\/archive.sana.sy\/es\/index.php?rest_route=\/wp\/v2\/posts"}],"about":[{"href":"https:\/\/archive.sana.sy\/es\/index.php?rest_route=\/wp\/v2\/types\/post"}],"author":[{"embeddable":true,"href":"https:\/\/archive.sana.sy\/es\/index.php?rest_route=\/wp\/v2\/users\/1"}],"replies":[{"embeddable":true,"href":"https:\/\/archive.sana.sy\/es\/index.php?rest_route=%2Fwp%2Fv2%2Fcomments&post=136459"}],"version-history":[{"count":0,"href":"https:\/\/archive.sana.sy\/es\/index.php?rest_route=\/wp\/v2\/posts\/136459\/revisions"}],"wp:featuredmedia":[{"embeddable":true,"href":"https:\/\/archive.sana.sy\/es\/index.php?rest_route=\/wp\/v2\/media\/136460"}],"wp:attachment":[{"href":"https:\/\/archive.sana.sy\/es\/index.php?rest_route=%2Fwp%2Fv2%2Fmedia&parent=136459"}],"wp:term":[{"taxonomy":"category","embeddable":true,"href":"https:\/\/archive.sana.sy\/es\/index.php?rest_route=%2Fwp%2Fv2%2Fcategories&post=136459"},{"taxonomy":"post_tag","embeddable":true,"href":"https:\/\/archive.sana.sy\/es\/index.php?rest_route=%2Fwp%2Fv2%2Ftags&post=136459"}],"curies":[{"name":"wp","href":"https:\/\/api.w.org\/{rel}","templated":true}]}}