{"id":136462,"date":"2020-04-09T18:22:42","date_gmt":"2020-04-09T15:22:42","guid":{"rendered":"http:\/\/sana.sy\/es\/?p=136462"},"modified":"2020-04-10T08:26:00","modified_gmt":"2020-04-10T05:26:00","slug":"turquia-ingresa-ilegalmente-a-siria-29-vehiculos-militares","status":"publish","type":"post","link":"https:\/\/archive.sana.sy\/es\/?p=136462","title":{"rendered":"Turqu\u00eda ingresa ilegalmente en Siria 20 veh\u00edculos militares"},"content":{"rendered":"<p style=\"text-align: justify;\"><span style=\"color: #800000;\"><strong>Hasakeh, SANA<\/strong><\/span><\/p>\n<div style=\"text-align: justify;\">\n<p><span lang=\"ES-TRAD\">El ocupante turco sigue ingresando de forma ilegal veh\u00edculos militares en localidades ocupadas en el territorio sirio en una continua violaci\u00f3n de las leyes internacionales.<\/span><\/p>\n<p><span lang=\"ES-TRAD\">Fuentes locales informaron que las fuerzas de ocupaci\u00f3n turcas ingresaron 29 veh\u00edculos militares equipados con ametralladoras a trav\u00e9s del poblado fronterizo de Sakarieh, y se\u00f1alaron que el convoy turco se dirigi\u00f3 hacia los poblados de Awoudieh y Aniq Hawa, ubicados en el campo de la provincia de Hasakeh.<\/span><\/p>\n<p><span lang=\"ES-TRAD\">A saber, que las fuerzas de ocupaci\u00f3n turcas enviaron durante los \u00faltimos meses, grandes cantidades de equipamiento militar y un gran n\u00famero de veh\u00edculos militares en el marco del apoyo que proporcionan a sus mercenarios terroristas.<\/span><\/p>\n<\/div>\n<p style=\"text-align: justify;\"><span style=\"color: #0000ff;\"><strong>Y. K.\/ F. M.\/ A. H.<\/strong><\/span><\/p>\n<p style=\"text-align: justify;\">Actual\u00edzate m\u00e1s:<br \/>\n<a href=\"https:\/\/www.facebook.com\/Agencia.SANA\/?__tn__=K-R&amp;eid=ARA28gOP5akqeV3ttXr1tslydNqTwjamXgv_eKrCEWs3M2Fkv-dndVvK24EAs0H02WzFbK3Y2rDwFGdV&amp;fref=mentions&amp;__xts__%5B0%5D=68.ARCfnXeSahMMGSy_HjEOBmt-XvRHji2RpWEkOhZVUk8-Qe4l9qWC5SF8ok8ZIdRYKaZTRIrWtVCdHgKVl6WVLwG4_OoD3wHB8ySeZFcKM0y50KiqS54QHqx4soJOLpZz4UCpZjgHqq3LONi3A6WxZiSPt4KIX3fS5ao84puoC4KO8TFC4s1QgC_f4zgfn0QgPJmfmKq2ItetduG1PAMZFHOQ_msdI-w4WWTJ8eiMDuNSgl2tKHiPivh3WPAzN_jWnmwSiQD-yezpWKmGEy-11MLNUgkWhuckmo7a4r7uT1xAtcX_AHouLDBACKRftTxU9SNY\">https:\/\/www.facebook.com\/Agencia.SANA\/<\/a><br \/>\n<a href=\"https:\/\/t.me\/AgenciasiriaSANA?fbclid=IwAR3RmAD5RuQIabGAsNRfaA38Mo2ChU8RHyhtmhNgq9gB-P8wYKz9oLgpxXI\">https:\/\/t.me\/AgenciasiriaSANA<\/a><br \/>\n<a href=\"https:\/\/l.facebook.com\/l.php?u=https%3A%2F%2Ftwitter.com%2FSanaAgencia%3Ffbclid%3DIwAR1xVa3JxYx_0ZmRcykcbDVapTgbLnELpo59QFfRWEb6_wkKUogvCRjxWXc&amp;h=AT1nMEUj_X_1Xms1KQOxYXED3m_e6cirAaKOD86DzVuJXaLemCJGrkjjcN_j_NpH2jjsxpwhmybi3qdqX9m859yissjVwD8qF5SPXqa9doKjMQklm6x9t2ZxqS9loc7fYglXDkWprinbYdYmVBKYc12iYwvRrek4Q8neCg7JznDAb0Sjc6LbZaKsSMj2YQEa5_kQ6FLOqddlX0McsrlmmrcKY52HmIdVahJKLQJGB8Bvhzge10yOR6AnqixmXEMet1Sv__In7jK_T6Tkzh2yMOwwkUpejiKAmgB-VriZXGRLK3ZC6j_t99nAxlcHbHqwMF9lBUxV8Wt5owcZ6Zd8w8X5Re1L6sVfMwD2e_WDt73tvYvt2SiaOESjZJPGoTC2z6Ac2GuLM4NMgRTIAStXWQ0vXWg1CIWNyjBkyLOG93QvvxNGEj48iiKGPCany3j8j6rR74rzR5QM5HPmIB8C7OWT65feG7nECiVoPbRJGSq7aKKqKzZgNW0pMKnthCqq3_TDRgCmy34tTYvkaKVsTqX_vC7Ghd_Q_qOYUpCbhQCmgDRluLf347ueQc1Cn9lxeLU2to0gd_0ZMZY_CuZvKTpgy8e-Yo1QsVvZ4Q\">https:\/\/twitter.com\/SanaAgencia<\/a><\/p>\n","protected":false},"excerpt":{"rendered":"<p>Hasakeh, SANA El ocupante turco sigue ingresando de forma ilegal veh\u00edculos militares en localidades ocupadas en el territorio sirio en una continua violaci\u00f3n de las leyes internacionales. Fuentes locales informaron que las fuerzas de ocupaci\u00f3n turcas ingresaron 29 veh\u00edculos militares equipados con ametralladoras a trav\u00e9s del poblado fronterizo de Sakarieh, y se\u00f1alaron que el convoy &hellip;<\/p>\n","protected":false},"author":1,"featured_media":133751,"comment_status":"closed","ping_status":"closed","sticky":false,"template":"","format":"standard","meta":{"footnotes":""},"categories":[597,573,7541],"tags":[17716],"class_list":["post-136462","post","type-post","status-publish","format-standard","has-post-thumbnail","","category-cinta-de-noticias","category-la-realidad-de-los-acontecimientos-en-siria","category-ultimas-noticias","tag-turquia-ingresa-ilegalmente-en-siria-29-vehiculos-militares"],"_links":{"self":[{"href":"https:\/\/archive.sana.sy\/es\/index.php?rest_route=\/wp\/v2\/posts\/136462"}],"collection":[{"href":"https:\/\/archive.sana.sy\/es\/index.php?rest_route=\/wp\/v2\/posts"}],"about":[{"href":"https:\/\/archive.sana.sy\/es\/index.php?rest_route=\/wp\/v2\/types\/post"}],"author":[{"embeddable":true,"href":"https:\/\/archive.sana.sy\/es\/index.php?rest_route=\/wp\/v2\/users\/1"}],"replies":[{"embeddable":true,"href":"https:\/\/archive.sana.sy\/es\/index.php?rest_route=%2Fwp%2Fv2%2Fcomments&post=136462"}],"version-history":[{"count":0,"href":"https:\/\/archive.sana.sy\/es\/index.php?rest_route=\/wp\/v2\/posts\/136462\/revisions"}],"wp:featuredmedia":[{"embeddable":true,"href":"https:\/\/archive.sana.sy\/es\/index.php?rest_route=\/wp\/v2\/media\/133751"}],"wp:attachment":[{"href":"https:\/\/archive.sana.sy\/es\/index.php?rest_route=%2Fwp%2Fv2%2Fmedia&parent=136462"}],"wp:term":[{"taxonomy":"category","embeddable":true,"href":"https:\/\/archive.sana.sy\/es\/index.php?rest_route=%2Fwp%2Fv2%2Fcategories&post=136462"},{"taxonomy":"post_tag","embeddable":true,"href":"https:\/\/archive.sana.sy\/es\/index.php?rest_route=%2Fwp%2Fv2%2Ftags&post=136462"}],"curies":[{"name":"wp","href":"https:\/\/api.w.org\/{rel}","templated":true}]}}