{"id":136505,"date":"2020-04-10T10:54:05","date_gmt":"2020-04-10T07:54:05","guid":{"rendered":"http:\/\/sana.sy\/es\/?p=136505"},"modified":"2020-04-10T11:12:30","modified_gmt":"2020-04-10T08:12:30","slug":"federacion-internacional-de-baloncesto-aplaza-cel-campeonato-europeo-por-covid-19","status":"publish","type":"post","link":"https:\/\/archive.sana.sy\/es\/?p=136505","title":{"rendered":"Federaci\u00f3n Internacional de Baloncesto aplaza el campeonato europeo por Covid-19"},"content":{"rendered":"<p style=\"text-align: justify;\"><span style=\"color: #800000;\"><strong><span lang=\"ES-TRAD\">Ginebra, SANA<\/span><\/strong><\/span><\/p>\n<p style=\"text-align: justify;\"><span lang=\"ES-TRAD\">La Federaci\u00f3n Internacional de Baloncesto (FIBA) anunci\u00f3 el aplazamiento del Campeonato Europeo Masculino de 2021 hasta finales del verano de 2022 debido a la propagaci\u00f3n del Coronavirus.<\/span><\/p>\n<p style=\"text-align: justify;\"><span lang=\"ES-TRAD\">La federaci\u00f3n inform\u00f3 en un comunicado citado por la agencia Reuters que la nueva fecha para el campeonato continental es entre el 1 y el 18 de septiembre de 2022.<\/span><\/p>\n<p style=\"text-align: justify;\"><span style=\"color: #0000ff;\"><strong>A. H.\/ F. M.<\/strong><\/span><\/p>\n<p>Actual\u00edzate m\u00e1s:<br \/>\n<a href=\"https:\/\/www.facebook.com\/Agencia.SANA\/?__tn__=K-R&amp;eid=ARA28gOP5akqeV3ttXr1tslydNqTwjamXgv_eKrCEWs3M2Fkv-dndVvK24EAs0H02WzFbK3Y2rDwFGdV&amp;fref=mentions&amp;__xts__%5B0%5D=68.ARCfnXeSahMMGSy_HjEOBmt-XvRHji2RpWEkOhZVUk8-Qe4l9qWC5SF8ok8ZIdRYKaZTRIrWtVCdHgKVl6WVLwG4_OoD3wHB8ySeZFcKM0y50KiqS54QHqx4soJOLpZz4UCpZjgHqq3LONi3A6WxZiSPt4KIX3fS5ao84puoC4KO8TFC4s1QgC_f4zgfn0QgPJmfmKq2ItetduG1PAMZFHOQ_msdI-w4WWTJ8eiMDuNSgl2tKHiPivh3WPAzN_jWnmwSiQD-yezpWKmGEy-11MLNUgkWhuckmo7a4r7uT1xAtcX_AHouLDBACKRftTxU9SNY\">https:\/\/www.facebook.com\/Agencia.SANA\/<\/a><br \/>\n<a href=\"https:\/\/t.me\/AgenciasiriaSANA?fbclid=IwAR3RmAD5RuQIabGAsNRfaA38Mo2ChU8RHyhtmhNgq9gB-P8wYKz9oLgpxXI\">https:\/\/t.me\/AgenciasiriaSANA<\/a><br \/>\n<a href=\"https:\/\/l.facebook.com\/l.php?u=https%3A%2F%2Ftwitter.com%2FSanaAgencia%3Ffbclid%3DIwAR1xVa3JxYx_0ZmRcykcbDVapTgbLnELpo59QFfRWEb6_wkKUogvCRjxWXc&amp;h=AT1nMEUj_X_1Xms1KQOxYXED3m_e6cirAaKOD86DzVuJXaLemCJGrkjjcN_j_NpH2jjsxpwhmybi3qdqX9m859yissjVwD8qF5SPXqa9doKjMQklm6x9t2ZxqS9loc7fYglXDkWprinbYdYmVBKYc12iYwvRrek4Q8neCg7JznDAb0Sjc6LbZaKsSMj2YQEa5_kQ6FLOqddlX0McsrlmmrcKY52HmIdVahJKLQJGB8Bvhzge10yOR6AnqixmXEMet1Sv__In7jK_T6Tkzh2yMOwwkUpejiKAmgB-VriZXGRLK3ZC6j_t99nAxlcHbHqwMF9lBUxV8Wt5owcZ6Zd8w8X5Re1L6sVfMwD2e_WDt73tvYvt2SiaOESjZJPGoTC2z6Ac2GuLM4NMgRTIAStXWQ0vXWg1CIWNyjBkyLOG93QvvxNGEj48iiKGPCany3j8j6rR74rzR5QM5HPmIB8C7OWT65feG7nECiVoPbRJGSq7aKKqKzZgNW0pMKnthCqq3_TDRgCmy34tTYvkaKVsTqX_vC7Ghd_Q_qOYUpCbhQCmgDRluLf347ueQc1Cn9lxeLU2to0gd_0ZMZY_CuZvKTpgy8e-Yo1QsVvZ4Q\">https:\/\/twitter.com\/SanaAgencia<\/a><\/p>\n","protected":false},"excerpt":{"rendered":"<p>Ginebra, SANA La Federaci\u00f3n Internacional de Baloncesto (FIBA) anunci\u00f3 el aplazamiento del Campeonato Europeo Masculino de 2021 hasta finales del verano de 2022 debido a la propagaci\u00f3n del Coronavirus. La federaci\u00f3n inform\u00f3 en un comunicado citado por la agencia Reuters que la nueva fecha para el campeonato continental es entre el 1 y el 18 &hellip;<\/p>\n","protected":false},"author":30,"featured_media":136506,"comment_status":"closed","ping_status":"closed","sticky":false,"template":"","format":"standard","meta":{"footnotes":""},"categories":[597,494],"tags":[17726],"class_list":["post-136505","post","type-post","status-publish","format-standard","has-post-thumbnail","","category-cinta-de-noticias","category-deportes","tag-federacion-internacional-de-baloncesto-aplaza-cel-campeonato-europeo-por-covid-19"],"_links":{"self":[{"href":"https:\/\/archive.sana.sy\/es\/index.php?rest_route=\/wp\/v2\/posts\/136505"}],"collection":[{"href":"https:\/\/archive.sana.sy\/es\/index.php?rest_route=\/wp\/v2\/posts"}],"about":[{"href":"https:\/\/archive.sana.sy\/es\/index.php?rest_route=\/wp\/v2\/types\/post"}],"author":[{"embeddable":true,"href":"https:\/\/archive.sana.sy\/es\/index.php?rest_route=\/wp\/v2\/users\/30"}],"replies":[{"embeddable":true,"href":"https:\/\/archive.sana.sy\/es\/index.php?rest_route=%2Fwp%2Fv2%2Fcomments&post=136505"}],"version-history":[{"count":0,"href":"https:\/\/archive.sana.sy\/es\/index.php?rest_route=\/wp\/v2\/posts\/136505\/revisions"}],"wp:featuredmedia":[{"embeddable":true,"href":"https:\/\/archive.sana.sy\/es\/index.php?rest_route=\/wp\/v2\/media\/136506"}],"wp:attachment":[{"href":"https:\/\/archive.sana.sy\/es\/index.php?rest_route=%2Fwp%2Fv2%2Fmedia&parent=136505"}],"wp:term":[{"taxonomy":"category","embeddable":true,"href":"https:\/\/archive.sana.sy\/es\/index.php?rest_route=%2Fwp%2Fv2%2Fcategories&post=136505"},{"taxonomy":"post_tag","embeddable":true,"href":"https:\/\/archive.sana.sy\/es\/index.php?rest_route=%2Fwp%2Fv2%2Ftags&post=136505"}],"curies":[{"name":"wp","href":"https:\/\/api.w.org\/{rel}","templated":true}]}}