{"id":136510,"date":"2020-04-10T11:34:07","date_gmt":"2020-04-10T08:34:07","guid":{"rendered":"http:\/\/sana.sy\/es\/?p=136510"},"modified":"2020-04-10T11:34:07","modified_gmt":"2020-04-10T08:34:07","slug":"expresidente-de-la-fifa-confirma-intervencion-politica-para-que-qatar-acoja-la-copa-del-mundo-2022","status":"publish","type":"post","link":"https:\/\/archive.sana.sy\/es\/?p=136510","title":{"rendered":"Expresidente de la FIFA confirma intervenci\u00f3n pol\u00edtica para que Qatar acoja la Copa del Mundo 2022"},"content":{"rendered":"<p style=\"text-align: justify;\"><span style=\"color: #800000;\"><strong><span lang=\"ES-TRAD\">Ginebra, SANA<\/span><\/strong><\/span><\/p>\n<p style=\"text-align: justify;\"><span lang=\"ES-TRAD\">El expresidente de la FIFA, Joseph Blatter, confirm\u00f3 que hubo &#8220;intromisi\u00f3n pol\u00edtica&#8221; en la decisi\u00f3n de celebrar la Copa Mundial de la FIFA 2022 en Qatar.<\/span><\/p>\n<p style=\"text-align: justify;\"><span lang=\"ES-TRAD\">Blatter, quien fue presidente de la FIFA durante 17 a\u00f1os hasta 2015, dijo en una declaraci\u00f3n citada por la Radio International Monte Carlo: &#8220;Hubo un acuerdo en el Comit\u00e9 Ejecutivo de la FIFA de que la Copa Mundial de 2018 es para Rusia y la Copa Mundial de 2022 para Estados Unidos\u201d.<\/span><\/p>\n<p style=\"text-align: justify;\"><span lang=\"ES-TRAD\">Aclar\u00f3 que hubo una injerencia pol\u00edtica de alto nivel para conceder el derecho de albergar la Copa del Mundo en 2022 a Qatar.<\/span><\/p>\n<p style=\"text-align: justify;\"><span style=\"color: #0000ff;\"><strong>A. H.\/ F. M.<\/strong><\/span><\/p>\n<p>Actual\u00edzate m\u00e1s:<br \/>\n<a href=\"https:\/\/www.facebook.com\/Agencia.SANA\/?__tn__=K-R&amp;eid=ARA28gOP5akqeV3ttXr1tslydNqTwjamXgv_eKrCEWs3M2Fkv-dndVvK24EAs0H02WzFbK3Y2rDwFGdV&amp;fref=mentions&amp;__xts__%5B0%5D=68.ARCfnXeSahMMGSy_HjEOBmt-XvRHji2RpWEkOhZVUk8-Qe4l9qWC5SF8ok8ZIdRYKaZTRIrWtVCdHgKVl6WVLwG4_OoD3wHB8ySeZFcKM0y50KiqS54QHqx4soJOLpZz4UCpZjgHqq3LONi3A6WxZiSPt4KIX3fS5ao84puoC4KO8TFC4s1QgC_f4zgfn0QgPJmfmKq2ItetduG1PAMZFHOQ_msdI-w4WWTJ8eiMDuNSgl2tKHiPivh3WPAzN_jWnmwSiQD-yezpWKmGEy-11MLNUgkWhuckmo7a4r7uT1xAtcX_AHouLDBACKRftTxU9SNY\">https:\/\/www.facebook.com\/Agencia.SANA\/<\/a><br \/>\n<a href=\"https:\/\/t.me\/AgenciasiriaSANA?fbclid=IwAR3RmAD5RuQIabGAsNRfaA38Mo2ChU8RHyhtmhNgq9gB-P8wYKz9oLgpxXI\">https:\/\/t.me\/AgenciasiriaSANA<\/a><br \/>\n<a href=\"https:\/\/l.facebook.com\/l.php?u=https%3A%2F%2Ftwitter.com%2FSanaAgencia%3Ffbclid%3DIwAR1xVa3JxYx_0ZmRcykcbDVapTgbLnELpo59QFfRWEb6_wkKUogvCRjxWXc&amp;h=AT1nMEUj_X_1Xms1KQOxYXED3m_e6cirAaKOD86DzVuJXaLemCJGrkjjcN_j_NpH2jjsxpwhmybi3qdqX9m859yissjVwD8qF5SPXqa9doKjMQklm6x9t2ZxqS9loc7fYglXDkWprinbYdYmVBKYc12iYwvRrek4Q8neCg7JznDAb0Sjc6LbZaKsSMj2YQEa5_kQ6FLOqddlX0McsrlmmrcKY52HmIdVahJKLQJGB8Bvhzge10yOR6AnqixmXEMet1Sv__In7jK_T6Tkzh2yMOwwkUpejiKAmgB-VriZXGRLK3ZC6j_t99nAxlcHbHqwMF9lBUxV8Wt5owcZ6Zd8w8X5Re1L6sVfMwD2e_WDt73tvYvt2SiaOESjZJPGoTC2z6Ac2GuLM4NMgRTIAStXWQ0vXWg1CIWNyjBkyLOG93QvvxNGEj48iiKGPCany3j8j6rR74rzR5QM5HPmIB8C7OWT65feG7nECiVoPbRJGSq7aKKqKzZgNW0pMKnthCqq3_TDRgCmy34tTYvkaKVsTqX_vC7Ghd_Q_qOYUpCbhQCmgDRluLf347ueQc1Cn9lxeLU2to0gd_0ZMZY_CuZvKTpgy8e-Yo1QsVvZ4Q\">https:\/\/twitter.com\/SanaAgencia<\/a><\/p>\n","protected":false},"excerpt":{"rendered":"<p>Ginebra, SANA El expresidente de la FIFA, Joseph Blatter, confirm\u00f3 que hubo &#8220;intromisi\u00f3n pol\u00edtica&#8221; en la decisi\u00f3n de celebrar la Copa Mundial de la FIFA 2022 en Qatar. Blatter, quien fue presidente de la FIFA durante 17 a\u00f1os hasta 2015, dijo en una declaraci\u00f3n citada por la Radio International Monte Carlo: &#8220;Hubo un acuerdo en &hellip;<\/p>\n","protected":false},"author":30,"featured_media":136511,"comment_status":"closed","ping_status":"closed","sticky":false,"template":"","format":"standard","meta":{"footnotes":""},"categories":[597,494],"tags":[17727],"class_list":["post-136510","post","type-post","status-publish","format-standard","has-post-thumbnail","","category-cinta-de-noticias","category-deportes","tag-expresidente-de-la-fifa-confirma-intervencion-politica-para-que-qatar-acoja-la-copa-del-mundo-2022"],"_links":{"self":[{"href":"https:\/\/archive.sana.sy\/es\/index.php?rest_route=\/wp\/v2\/posts\/136510"}],"collection":[{"href":"https:\/\/archive.sana.sy\/es\/index.php?rest_route=\/wp\/v2\/posts"}],"about":[{"href":"https:\/\/archive.sana.sy\/es\/index.php?rest_route=\/wp\/v2\/types\/post"}],"author":[{"embeddable":true,"href":"https:\/\/archive.sana.sy\/es\/index.php?rest_route=\/wp\/v2\/users\/30"}],"replies":[{"embeddable":true,"href":"https:\/\/archive.sana.sy\/es\/index.php?rest_route=%2Fwp%2Fv2%2Fcomments&post=136510"}],"version-history":[{"count":0,"href":"https:\/\/archive.sana.sy\/es\/index.php?rest_route=\/wp\/v2\/posts\/136510\/revisions"}],"wp:featuredmedia":[{"embeddable":true,"href":"https:\/\/archive.sana.sy\/es\/index.php?rest_route=\/wp\/v2\/media\/136511"}],"wp:attachment":[{"href":"https:\/\/archive.sana.sy\/es\/index.php?rest_route=%2Fwp%2Fv2%2Fmedia&parent=136510"}],"wp:term":[{"taxonomy":"category","embeddable":true,"href":"https:\/\/archive.sana.sy\/es\/index.php?rest_route=%2Fwp%2Fv2%2Fcategories&post=136510"},{"taxonomy":"post_tag","embeddable":true,"href":"https:\/\/archive.sana.sy\/es\/index.php?rest_route=%2Fwp%2Fv2%2Ftags&post=136510"}],"curies":[{"name":"wp","href":"https:\/\/api.w.org\/{rel}","templated":true}]}}