{"id":136513,"date":"2020-04-10T14:20:28","date_gmt":"2020-04-10T11:20:28","guid":{"rendered":"http:\/\/sana.sy\/es\/?p=136513"},"modified":"2023-01-12T14:44:33","modified_gmt":"2023-01-12T12:44:33","slug":"ataque-saudita-deja-2-civiles-muertos-en-yemen","status":"publish","type":"post","link":"https:\/\/archive.sana.sy\/es\/?p=136513","title":{"rendered":"Ataque saudita deja 2 civiles muertos en Yemen"},"content":{"rendered":"<p><span style=\"color: #800000;\">San\u00e1, SANA<\/span><\/p>\n<p style=\"text-align: justify;\">Dos yemen\u00edes perdieron la vida a causa de ataques de mercenarios de la agresi\u00f3n saudita en la gobernaci\u00f3n de Al-Hodeidah, en una nueva violaci\u00f3n del acuerdo de alto el fuego.<\/p>\n<p style=\"text-align: justify;\">&#8220;Al menos dos civiles murieron en un bombardeo de artiller\u00eda llevado a cabo por mercenarios de la agresi\u00f3n saudita contra el distrito sitiado de Ad Durayhimi y el pueblo de Al-Dafshh ,en las afueras de la ciudad de Al-Hodeidah. Mientras tanto, los aviones de guerra de la agresi\u00f3n lanzaron 26 incursiones en varias provincias de Yemen durante las \u00faltimas 24 horas&#8221;, seg\u00fan inform\u00f3 una fuente castrense yemen\u00ed a la agencia de noticias SABANEWS.<\/p>\n<p style=\"text-align: justify;\">La fuente agreg\u00f3 que las infracciones de la agresi\u00f3n ascendieron a 87, incluidas 29 realizadas por fuego de artiller\u00eda y bombardeo de misiles, y otras 56 infracciones efectuadas por medio del disparo de balas reales y el lanzamiento de proyectiles de mortero, se\u00f1alando que los buques de guerra de la agresi\u00f3n bombardearon la aldea de Mahal Al-Sheikh con una serie de cohetes.<\/p>\n<p style=\"text-align: justify;\">En la gobernaci\u00f3n de Saada, los aviones de combate sauditas lanzaron varias redadas en los distritos de Al-Zahir, Haradh y Harf Sufyan, as\u00ed como contra las aldeas en el distrito fronterizo de Munbah.<\/p>\n<p style=\"text-align: justify;\">Las fuerzas de agresi\u00f3n sauditas y sus mercenarios contin\u00faan atacando a las gobernaciones yemen\u00edes, causando destrucci\u00f3n masiva y da\u00f1os a la propiedad p\u00fablica y privada.<\/p>\n<p>M.M<\/p>\n","protected":false},"excerpt":{"rendered":"<p>San\u00e1, SANA Dos yemen\u00edes perdieron la vida a causa de ataques de mercenarios de la agresi\u00f3n saudita en la gobernaci\u00f3n de Al-Hodeidah, en una nueva violaci\u00f3n del acuerdo de alto el fuego. &#8220;Al menos dos civiles murieron en un bombardeo de artiller\u00eda llevado a cabo por mercenarios de la agresi\u00f3n saudita contra el distrito sitiado &hellip;<\/p>\n","protected":false},"author":36,"featured_media":136514,"comment_status":"closed","ping_status":"closed","sticky":false,"template":"","format":"standard","meta":{"footnotes":""},"categories":[597,456,457],"tags":[6304],"class_list":["post-136513","post","type-post","status-publish","format-standard","has-post-thumbnail","","category-cinta-de-noticias","category-arabe-internacional-politica","category-noticias-arabe-internacional-politica","tag-yemen"],"_links":{"self":[{"href":"https:\/\/archive.sana.sy\/es\/index.php?rest_route=\/wp\/v2\/posts\/136513"}],"collection":[{"href":"https:\/\/archive.sana.sy\/es\/index.php?rest_route=\/wp\/v2\/posts"}],"about":[{"href":"https:\/\/archive.sana.sy\/es\/index.php?rest_route=\/wp\/v2\/types\/post"}],"author":[{"embeddable":true,"href":"https:\/\/archive.sana.sy\/es\/index.php?rest_route=\/wp\/v2\/users\/36"}],"replies":[{"embeddable":true,"href":"https:\/\/archive.sana.sy\/es\/index.php?rest_route=%2Fwp%2Fv2%2Fcomments&post=136513"}],"version-history":[{"count":0,"href":"https:\/\/archive.sana.sy\/es\/index.php?rest_route=\/wp\/v2\/posts\/136513\/revisions"}],"wp:featuredmedia":[{"embeddable":true,"href":"https:\/\/archive.sana.sy\/es\/index.php?rest_route=\/wp\/v2\/media\/136514"}],"wp:attachment":[{"href":"https:\/\/archive.sana.sy\/es\/index.php?rest_route=%2Fwp%2Fv2%2Fmedia&parent=136513"}],"wp:term":[{"taxonomy":"category","embeddable":true,"href":"https:\/\/archive.sana.sy\/es\/index.php?rest_route=%2Fwp%2Fv2%2Fcategories&post=136513"},{"taxonomy":"post_tag","embeddable":true,"href":"https:\/\/archive.sana.sy\/es\/index.php?rest_route=%2Fwp%2Fv2%2Ftags&post=136513"}],"curies":[{"name":"wp","href":"https:\/\/api.w.org\/{rel}","templated":true}]}}