{"id":136516,"date":"2020-04-10T14:40:55","date_gmt":"2020-04-10T11:40:55","guid":{"rendered":"http:\/\/sana.sy\/es\/?p=136516"},"modified":"2023-01-12T14:44:33","modified_gmt":"2023-01-12T12:44:33","slug":"fuerzas-iraquies-lanzan-una-gran-ofensiva-para-eliminar-a-los-remanentes-de-daesh","status":"publish","type":"post","link":"https:\/\/archive.sana.sy\/es\/?p=136516","title":{"rendered":"Fuerzas iraqu\u00edes lanzan una gran ofensiva  para eliminar a los remanentes de Daesh"},"content":{"rendered":"<p><span style=\"color: #800000;\">Bgadad, SANA<\/span><\/p>\n<p style=\"text-align: justify;\">El Comando Conjunto de Operaciones militares iraqu\u00edes anunci\u00f3 el lanzamiento de la segunda fase de la operaci\u00f3n titulada &#8220;H\u00e9roes de la Segunda Victoria &#8220;, cuyo objetivo es perseguir a los remanentes terroristas y peinar \u00e1reas adyacentes a las fronteras con Jordania y Arabia Saudita, seg\u00fan inform\u00f3 la televisi\u00f3n de Alsumaria.<\/p>\n<p style=\"text-align: justify;\">El comandante del eje de Anbar de la Movilizaci\u00f3n Popular, Qasim Musleh, explic\u00f3 que la operaci\u00f3n se llevar\u00e1 a cabo en\u00a0 plena\u00a0 coordinaci\u00f3n entre el Ej\u00e9rcito iraqu\u00ed y las fuerzas de Movilizaci\u00f3n Popular.<\/p>\n<p style=\"text-align: justify;\">Cabe se\u00f1alar que las fuerzas armadas iraqu\u00edes contin\u00faan sus operaciones en varias provincias y regiones a fin de eliminar a los remanentes de la organizaci\u00f3n terrorista &#8220;Daesh&#8221;.<\/p>\n<p style=\"text-align: justify;\">M.M<\/p>\n","protected":false},"excerpt":{"rendered":"<p>Bgadad, SANA El Comando Conjunto de Operaciones militares iraqu\u00edes anunci\u00f3 el lanzamiento de la segunda fase de la operaci\u00f3n titulada &#8220;H\u00e9roes de la Segunda Victoria &#8220;, cuyo objetivo es perseguir a los remanentes terroristas y peinar \u00e1reas adyacentes a las fronteras con Jordania y Arabia Saudita, seg\u00fan inform\u00f3 la televisi\u00f3n de Alsumaria. El comandante del &hellip;<\/p>\n","protected":false},"author":36,"featured_media":136517,"comment_status":"closed","ping_status":"closed","sticky":false,"template":"","format":"standard","meta":{"footnotes":""},"categories":[597,456,457],"tags":[7023],"class_list":["post-136516","post","type-post","status-publish","format-standard","has-post-thumbnail","","category-cinta-de-noticias","category-arabe-internacional-politica","category-noticias-arabe-internacional-politica","tag-irak"],"_links":{"self":[{"href":"https:\/\/archive.sana.sy\/es\/index.php?rest_route=\/wp\/v2\/posts\/136516"}],"collection":[{"href":"https:\/\/archive.sana.sy\/es\/index.php?rest_route=\/wp\/v2\/posts"}],"about":[{"href":"https:\/\/archive.sana.sy\/es\/index.php?rest_route=\/wp\/v2\/types\/post"}],"author":[{"embeddable":true,"href":"https:\/\/archive.sana.sy\/es\/index.php?rest_route=\/wp\/v2\/users\/36"}],"replies":[{"embeddable":true,"href":"https:\/\/archive.sana.sy\/es\/index.php?rest_route=%2Fwp%2Fv2%2Fcomments&post=136516"}],"version-history":[{"count":0,"href":"https:\/\/archive.sana.sy\/es\/index.php?rest_route=\/wp\/v2\/posts\/136516\/revisions"}],"wp:featuredmedia":[{"embeddable":true,"href":"https:\/\/archive.sana.sy\/es\/index.php?rest_route=\/wp\/v2\/media\/136517"}],"wp:attachment":[{"href":"https:\/\/archive.sana.sy\/es\/index.php?rest_route=%2Fwp%2Fv2%2Fmedia&parent=136516"}],"wp:term":[{"taxonomy":"category","embeddable":true,"href":"https:\/\/archive.sana.sy\/es\/index.php?rest_route=%2Fwp%2Fv2%2Fcategories&post=136516"},{"taxonomy":"post_tag","embeddable":true,"href":"https:\/\/archive.sana.sy\/es\/index.php?rest_route=%2Fwp%2Fv2%2Ftags&post=136516"}],"curies":[{"name":"wp","href":"https:\/\/api.w.org\/{rel}","templated":true}]}}