{"id":136536,"date":"2020-04-10T16:08:52","date_gmt":"2020-04-10T13:08:52","guid":{"rendered":"http:\/\/sana.sy\/es\/?p=136536"},"modified":"2023-01-12T14:44:33","modified_gmt":"2023-01-12T12:44:33","slug":"represion-israeli-deja-a-10-palestinos-asfixiados","status":"publish","type":"post","link":"https:\/\/archive.sana.sy\/es\/?p=136536","title":{"rendered":"Represi\u00f3n israel\u00ed deja a 10 palestinos asfixiados"},"content":{"rendered":"<p><span style=\"color: #800000;\">Jerusal\u00e9n Ocupada, SANA<\/span><\/p>\n<p style=\"text-align: justify;\">Diez palestinos resultaron lesionados y asfixiados este viernes tras la supresi\u00f3n de las fuerzas de ocupaci\u00f3n israel\u00ed de una manifestaci\u00f3n en el pueblo de Kafr Qaddoum, inform\u00f3 a la agencia \u201cMAAN\u201d<\/p>\n<p style=\"text-align: justify;\">La manifestaci\u00f3n se organiza semanalmente en Kafr Qaddoum en protesta al asentamiento de la ocupaci\u00f3n israel\u00ed y para reclamar la apertura de la calle del pueblo, que lleva 16 a\u00f1os cerrada.<\/p>\n<p style=\"text-align: justify;\">&#8221; Las fuerzas del ocupante sionista abrieron fuego y lanzaron bombas de gas t\u00f3xico contra los protestantes, lo que dej\u00f3 a 10 manifestantes asfixiados&#8221;, declar\u00f3 el coordinador de la Resistencia Popular en Kafr Qaddum, Murad Shteiwi.<\/p>\n<p style=\"text-align: justify;\">Los colonos israel\u00edes asaltan diariamente pueblos y ciudades palestinas y cometen cr\u00edmenes atroces contra los palestinos y sus propiedades bajo la protecci\u00f3n de las fuerzas de ocupaci\u00f3n.<\/p>\n<p>M.M<\/p>\n","protected":false},"excerpt":{"rendered":"<p>Jerusal\u00e9n Ocupada, SANA Diez palestinos resultaron lesionados y asfixiados este viernes tras la supresi\u00f3n de las fuerzas de ocupaci\u00f3n israel\u00ed de una manifestaci\u00f3n en el pueblo de Kafr Qaddoum, inform\u00f3 a la agencia \u201cMAAN\u201d La manifestaci\u00f3n se organiza semanalmente en Kafr Qaddoum en protesta al asentamiento de la ocupaci\u00f3n israel\u00ed y para reclamar la apertura &hellip;<\/p>\n","protected":false},"author":36,"featured_media":136537,"comment_status":"closed","ping_status":"closed","sticky":false,"template":"","format":"standard","meta":{"footnotes":""},"categories":[597,456,457],"tags":[1494],"class_list":["post-136536","post","type-post","status-publish","format-standard","has-post-thumbnail","","category-cinta-de-noticias","category-arabe-internacional-politica","category-noticias-arabe-internacional-politica","tag-palestina"],"_links":{"self":[{"href":"https:\/\/archive.sana.sy\/es\/index.php?rest_route=\/wp\/v2\/posts\/136536"}],"collection":[{"href":"https:\/\/archive.sana.sy\/es\/index.php?rest_route=\/wp\/v2\/posts"}],"about":[{"href":"https:\/\/archive.sana.sy\/es\/index.php?rest_route=\/wp\/v2\/types\/post"}],"author":[{"embeddable":true,"href":"https:\/\/archive.sana.sy\/es\/index.php?rest_route=\/wp\/v2\/users\/36"}],"replies":[{"embeddable":true,"href":"https:\/\/archive.sana.sy\/es\/index.php?rest_route=%2Fwp%2Fv2%2Fcomments&post=136536"}],"version-history":[{"count":0,"href":"https:\/\/archive.sana.sy\/es\/index.php?rest_route=\/wp\/v2\/posts\/136536\/revisions"}],"wp:featuredmedia":[{"embeddable":true,"href":"https:\/\/archive.sana.sy\/es\/index.php?rest_route=\/wp\/v2\/media\/136537"}],"wp:attachment":[{"href":"https:\/\/archive.sana.sy\/es\/index.php?rest_route=%2Fwp%2Fv2%2Fmedia&parent=136536"}],"wp:term":[{"taxonomy":"category","embeddable":true,"href":"https:\/\/archive.sana.sy\/es\/index.php?rest_route=%2Fwp%2Fv2%2Fcategories&post=136536"},{"taxonomy":"post_tag","embeddable":true,"href":"https:\/\/archive.sana.sy\/es\/index.php?rest_route=%2Fwp%2Fv2%2Ftags&post=136536"}],"curies":[{"name":"wp","href":"https:\/\/api.w.org\/{rel}","templated":true}]}}