{"id":13665,"date":"2014-12-03T22:50:33","date_gmt":"2014-12-03T20:50:33","guid":{"rendered":"http:\/\/www.sana.sy\/es\/?p=13665"},"modified":"2023-01-09T14:10:25","modified_gmt":"2023-01-09T12:10:25","slug":"desarrollar-el-plan-de-respuesta-humanitaria-para-las-personas-con-necesidades-especiales","status":"publish","type":"post","link":"https:\/\/archive.sana.sy\/es\/?p=13665","title":{"rendered":"Desarrollar el plan de respuesta humanitaria para las personas con necesidades especiales"},"content":{"rendered":"<p style=\"text-align: justify\"><span style=\"color: #800000\">Tartous, SANA<\/span><\/p>\n<p>La ministra de Asuntos Sociales, Kinda al-Shammat, afirm\u00f3 el mi\u00e9rcoles que el pr\u00f3ximo a\u00f1o ser\u00e1 testigo de un progreso en el cumplimiento del plan de respuesta humanitaria a trav\u00e9s de un acuerdo con el Programa de Desarrollo de Naciones Unidas (PNUD) que atiende a las personas con necesidades especiales y a los discapacitados de la guerra.<\/p>\n<p style=\"text-align: justify\">\u201cSiria est\u00e1 pasando por una etapa dif\u00edcil en todos los campos, incluyendo los servicios de las instituciones asistenciales y sociales que han estado bajo ataques de terroristas, por lo que el Ministerio busca nuevas alternativas\u201d, dijo la ministro al-Shammat en una celebraci\u00f3n que tuvo lugar en Tartous con motivo del D\u00eda Internacional de las Personas con Discapacidad.<\/p>\n<p style=\"text-align: justify\">Por su parte, el Director Regional del PNUD, Jan Thomas Hiemstra, dijo que la celebraci\u00f3n internacional de este a\u00f1o se centra en el desarrollo sostenible y el empoderamiento de las personas con discapacidad para desarrollar su interacci\u00f3n con su entorno.<\/p>\n<p style=\"text-align: justify\">Siria ha prestado una gran atenci\u00f3n a las personas con necesidades especiales a trav\u00e9s de la uni\u00f3n y la firma de numerosos tratados y protocolos internacionales para integrarlos en la vida social y profesional.<\/p>\n<p style=\"text-align: justify\">Durante la celebraci\u00f3n, se exhibi\u00f3 una serie de obras de arte realizadas por personas con necesidades especiales, mientras que 54 de ellos fueron honrados.<\/p>\n<p style=\"text-align: justify\"><span style=\"color: #0000ff\">Ghifar Al Ali &amp; Riyad Sh.<\/span><\/p>\n","protected":false},"excerpt":{"rendered":"<p>Tartous, SANA La ministra de Asuntos Sociales, Kinda al-Shammat, afirm\u00f3 el mi\u00e9rcoles que el pr\u00f3ximo a\u00f1o ser\u00e1 testigo de un progreso en el cumplimiento del plan de respuesta humanitaria a trav\u00e9s de un acuerdo con el Programa de Desarrollo de Naciones Unidas (PNUD) que atiende a las personas con necesidades especiales y a los discapacitados &hellip;<\/p>\n","protected":false},"author":1,"featured_media":13666,"comment_status":"closed","ping_status":"closed","sticky":false,"template":"","format":"standard","meta":{"footnotes":""},"categories":[597,476],"tags":[3104],"class_list":["post-13665","post","type-post","status-publish","format-standard","has-post-thumbnail","","category-cinta-de-noticias","category-locales","tag-desarrollar-el-plan-de-respuesta-humanitaria-para-las-personas-con-necesidades-especiales"],"_links":{"self":[{"href":"https:\/\/archive.sana.sy\/es\/index.php?rest_route=\/wp\/v2\/posts\/13665"}],"collection":[{"href":"https:\/\/archive.sana.sy\/es\/index.php?rest_route=\/wp\/v2\/posts"}],"about":[{"href":"https:\/\/archive.sana.sy\/es\/index.php?rest_route=\/wp\/v2\/types\/post"}],"author":[{"embeddable":true,"href":"https:\/\/archive.sana.sy\/es\/index.php?rest_route=\/wp\/v2\/users\/1"}],"replies":[{"embeddable":true,"href":"https:\/\/archive.sana.sy\/es\/index.php?rest_route=%2Fwp%2Fv2%2Fcomments&post=13665"}],"version-history":[{"count":0,"href":"https:\/\/archive.sana.sy\/es\/index.php?rest_route=\/wp\/v2\/posts\/13665\/revisions"}],"wp:featuredmedia":[{"embeddable":true,"href":"https:\/\/archive.sana.sy\/es\/index.php?rest_route=\/wp\/v2\/media\/13666"}],"wp:attachment":[{"href":"https:\/\/archive.sana.sy\/es\/index.php?rest_route=%2Fwp%2Fv2%2Fmedia&parent=13665"}],"wp:term":[{"taxonomy":"category","embeddable":true,"href":"https:\/\/archive.sana.sy\/es\/index.php?rest_route=%2Fwp%2Fv2%2Fcategories&post=13665"},{"taxonomy":"post_tag","embeddable":true,"href":"https:\/\/archive.sana.sy\/es\/index.php?rest_route=%2Fwp%2Fv2%2Ftags&post=13665"}],"curies":[{"name":"wp","href":"https:\/\/api.w.org\/{rel}","templated":true}]}}