{"id":136786,"date":"2020-04-14T11:24:48","date_gmt":"2020-04-14T08:24:48","guid":{"rendered":"http:\/\/sana.sy\/es\/?p=136786"},"modified":"2023-01-12T14:44:31","modified_gmt":"2023-01-12T12:44:31","slug":"fuerzas-de-ocupacion-israelies-atacan-a-agricultores-y-pescadores-palestinos-en-gaza","status":"publish","type":"post","link":"https:\/\/archive.sana.sy\/es\/?p=136786","title":{"rendered":"Fuerzas de ocupaci\u00f3n israel\u00edes atacan a agricultores y pescadores palestinos en Gaza"},"content":{"rendered":"<p style=\"text-align: justify;\"><span style=\"color: #800000;\"><strong>Jerusal\u00e9n ocupada, SANA<\/strong><\/span><\/p>\n<p style=\"text-align: justify;\">Las fuerzas de ocupaci\u00f3n israel\u00edes atacaron a granjeros y pescadores palestinos en diferentes \u00e1reas de la asediada Franja de Gaza.<\/p>\n<p style=\"text-align: justify;\">Medios palestinos informaron que los soldados ocupantes abrieron fuego contra los agricultores palestinos en el nordeste de la ciudad de Beit Hanoun en el norte de Gaza.<\/p>\n<p style=\"text-align: justify;\">En Cisjordania, las fuerzas de ocupaci\u00f3n israel\u00edes arrestaron a un palestino en Jenin, mientras colonos israel\u00edes atacaron las propiedades palestinas en Wadi al-Darqa, cerca del Mar Muerto, y prendieron fuego en dos autos.<\/p>\n<p style=\"text-align: justify;\"><span style=\"color: #0000ff;\"><strong>F.M<\/strong><\/span><\/p>\n","protected":false},"excerpt":{"rendered":"<p>Jerusal\u00e9n ocupada, SANA Las fuerzas de ocupaci\u00f3n israel\u00edes atacaron a granjeros y pescadores palestinos en diferentes \u00e1reas de la asediada Franja de Gaza. Medios palestinos informaron que los soldados ocupantes abrieron fuego contra los agricultores palestinos en el nordeste de la ciudad de Beit Hanoun en el norte de Gaza. En Cisjordania, las fuerzas de &hellip;<\/p>\n","protected":false},"author":34,"featured_media":136787,"comment_status":"closed","ping_status":"closed","sticky":false,"template":"","format":"standard","meta":{"footnotes":""},"categories":[597,456],"tags":[],"class_list":["post-136786","post","type-post","status-publish","format-standard","has-post-thumbnail","","category-cinta-de-noticias","category-arabe-internacional-politica"],"_links":{"self":[{"href":"https:\/\/archive.sana.sy\/es\/index.php?rest_route=\/wp\/v2\/posts\/136786"}],"collection":[{"href":"https:\/\/archive.sana.sy\/es\/index.php?rest_route=\/wp\/v2\/posts"}],"about":[{"href":"https:\/\/archive.sana.sy\/es\/index.php?rest_route=\/wp\/v2\/types\/post"}],"author":[{"embeddable":true,"href":"https:\/\/archive.sana.sy\/es\/index.php?rest_route=\/wp\/v2\/users\/34"}],"replies":[{"embeddable":true,"href":"https:\/\/archive.sana.sy\/es\/index.php?rest_route=%2Fwp%2Fv2%2Fcomments&post=136786"}],"version-history":[{"count":0,"href":"https:\/\/archive.sana.sy\/es\/index.php?rest_route=\/wp\/v2\/posts\/136786\/revisions"}],"wp:featuredmedia":[{"embeddable":true,"href":"https:\/\/archive.sana.sy\/es\/index.php?rest_route=\/wp\/v2\/media\/136787"}],"wp:attachment":[{"href":"https:\/\/archive.sana.sy\/es\/index.php?rest_route=%2Fwp%2Fv2%2Fmedia&parent=136786"}],"wp:term":[{"taxonomy":"category","embeddable":true,"href":"https:\/\/archive.sana.sy\/es\/index.php?rest_route=%2Fwp%2Fv2%2Fcategories&post=136786"},{"taxonomy":"post_tag","embeddable":true,"href":"https:\/\/archive.sana.sy\/es\/index.php?rest_route=%2Fwp%2Fv2%2Ftags&post=136786"}],"curies":[{"name":"wp","href":"https:\/\/api.w.org\/{rel}","templated":true}]}}