{"id":136809,"date":"2020-04-14T16:11:24","date_gmt":"2020-04-14T13:11:24","guid":{"rendered":"http:\/\/sana.sy\/es\/?p=136809"},"modified":"2023-01-10T14:33:25","modified_gmt":"2023-01-10T12:33:25","slug":"dos-ninos-pierden-la-vida-por-explosion-de-una-mina-sembrada-por-los-terroristas-de-daesh-en-palmira","status":"publish","type":"post","link":"https:\/\/archive.sana.sy\/es\/?p=136809","title":{"rendered":"Mueren dos ni\u00f1os por explosi\u00f3n de una mina dejada por terroristas del Daesh en Palmira"},"content":{"rendered":"<p style=\"text-align: justify\"><span style=\"color: #800000\">Palmira, SANA<\/span><\/p>\n<p style=\"text-align: justify\">Dos ni\u00f1os perdieron la vida y su hermano result\u00f3 herido en la ciudad de Palmira en el desierto de la provincia de Homs, por el estallido de una mina terrestre sembrada por los terroristas del Daesh cuando controlaban esa ciudad.<\/p>\n<p style=\"text-align: justify\">El Director General del Hospital de Palmira, Walid Odeh, declar\u00f3 a SANA que dos hermanos de 6 y 7 a\u00f1os de edad fallecieron afectados por sus graves heridas, mientras su hermano de 3 a\u00f1os de edad, result\u00f3 herido, y recibi\u00f3 los primeros auxilios en el Hospital.<\/p>\n<p style=\"text-align: justify\">El domingo \u00faltimo, una explosi\u00f3n semejante se produjo en el desierto de Palmira y caus\u00f3 heridas a un pastor.<\/p>\n<p style=\"text-align: justify\">\nL.A.\/F.M.<\/p>\n","protected":false},"excerpt":{"rendered":"<p>Palmira, SANA Dos ni\u00f1os perdieron la vida y su hermano result\u00f3 herido en la ciudad de Palmira en el desierto de la provincia de Homs, por el estallido de una mina terrestre sembrada por los terroristas del Daesh cuando controlaban esa ciudad. El Director General del Hospital de Palmira, Walid Odeh, declar\u00f3 a SANA que &hellip;<\/p>\n","protected":false},"author":24,"featured_media":136810,"comment_status":"closed","ping_status":"closed","sticky":false,"template":"","format":"standard","meta":{"footnotes":""},"categories":[447,597,573,7541],"tags":[],"class_list":["post-136809","post","type-post","status-publish","format-standard","has-post-thumbnail","","category-local-politica","category-cinta-de-noticias","category-la-realidad-de-los-acontecimientos-en-siria","category-ultimas-noticias"],"_links":{"self":[{"href":"https:\/\/archive.sana.sy\/es\/index.php?rest_route=\/wp\/v2\/posts\/136809"}],"collection":[{"href":"https:\/\/archive.sana.sy\/es\/index.php?rest_route=\/wp\/v2\/posts"}],"about":[{"href":"https:\/\/archive.sana.sy\/es\/index.php?rest_route=\/wp\/v2\/types\/post"}],"author":[{"embeddable":true,"href":"https:\/\/archive.sana.sy\/es\/index.php?rest_route=\/wp\/v2\/users\/24"}],"replies":[{"embeddable":true,"href":"https:\/\/archive.sana.sy\/es\/index.php?rest_route=%2Fwp%2Fv2%2Fcomments&post=136809"}],"version-history":[{"count":0,"href":"https:\/\/archive.sana.sy\/es\/index.php?rest_route=\/wp\/v2\/posts\/136809\/revisions"}],"wp:featuredmedia":[{"embeddable":true,"href":"https:\/\/archive.sana.sy\/es\/index.php?rest_route=\/wp\/v2\/media\/136810"}],"wp:attachment":[{"href":"https:\/\/archive.sana.sy\/es\/index.php?rest_route=%2Fwp%2Fv2%2Fmedia&parent=136809"}],"wp:term":[{"taxonomy":"category","embeddable":true,"href":"https:\/\/archive.sana.sy\/es\/index.php?rest_route=%2Fwp%2Fv2%2Fcategories&post=136809"},{"taxonomy":"post_tag","embeddable":true,"href":"https:\/\/archive.sana.sy\/es\/index.php?rest_route=%2Fwp%2Fv2%2Ftags&post=136809"}],"curies":[{"name":"wp","href":"https:\/\/api.w.org\/{rel}","templated":true}]}}