{"id":136813,"date":"2020-04-14T16:52:48","date_gmt":"2020-04-14T13:52:48","guid":{"rendered":"http:\/\/sana.sy\/es\/?p=136813"},"modified":"2023-01-10T15:15:16","modified_gmt":"2023-01-10T13:15:16","slug":"siria-e-iran-examina-posibilidad-de-impulsar-la-cooperacion-en-materia-del-establecimiento-de-zonas-francas","status":"publish","type":"post","link":"https:\/\/archive.sana.sy\/es\/?p=136813","title":{"rendered":"Siria e Ir\u00e1n pretenden crear zonas industriales y comerciales francas"},"content":{"rendered":"<p style=\"text-align: justify\"><span style=\"color: #800000\">Teher\u00e1n, SANA<\/span><\/p>\n<p style=\"text-align: justify\">El embajador de Siria ante Ir\u00e1n, Adnan Mahmoud, abord\u00f3 con el asesor del presidente iran\u00ed y jefe del Consejo Superior para Zonas Francas, Morteza Bank, las v\u00edas de impulsar la acci\u00f3n conjunta para crear zonas industriales y comerciales francas en virtud de los acuerdos rubricados entre ambas partes.<\/p>\n<p style=\"text-align: justify\">Durante la reuni\u00f3n, el diplom\u00e1tico sirio destac\u00f3 la importancia de activar el papel del sector privado en los dos pa\u00edses y beneficiarse de las oportunidades de inversi\u00f3n que ofrecen las zonas francas, lo cual contribuye a crear una asociaci\u00f3n econ\u00f3mica que capacita a Siria e Ir\u00e1n a enfrentar la guerra econ\u00f3mica y las medidas coercitivas injustas aplicadas a ambas naciones.<\/p>\n<p style=\"text-align: justify\">\u201cLa continuaci\u00f3n de esas medidas contra Siria e Ir\u00e1n constituye un doble crimen de lesa humanidad\u201d, denunci\u00f3 el embajador sirio, y tach\u00f3 las sanciones de \u201cilegales\u201d, \u201cileg\u00edtimas\u201d y obstaculizadoras a los esfuerzos de ambos pa\u00edses para asegurar sus necesidades para combatir la pandemia de la Covid-19.<\/p>\n<p style=\"text-align: justify\">Por su parte, el alto pol\u00edtico iran\u00ed manifest\u00f3 la disposici\u00f3n de su pa\u00eds para avanzar en la cooperaci\u00f3n con Siria en materia de la inversi\u00f3n en las zonas francas.<\/p>\n<p style=\"text-align: justify\">\nL.A.\/F.M.<\/p>\n","protected":false},"excerpt":{"rendered":"<p>Teher\u00e1n, SANA El embajador de Siria ante Ir\u00e1n, Adnan Mahmoud, abord\u00f3 con el asesor del presidente iran\u00ed y jefe del Consejo Superior para Zonas Francas, Morteza Bank, las v\u00edas de impulsar la acci\u00f3n conjunta para crear zonas industriales y comerciales francas en virtud de los acuerdos rubricados entre ambas partes. Durante la reuni\u00f3n, el diplom\u00e1tico &hellip;<\/p>\n","protected":false},"author":24,"featured_media":136814,"comment_status":"closed","ping_status":"closed","sticky":false,"template":"","format":"standard","meta":{"footnotes":""},"categories":[485,7541],"tags":[],"class_list":["post-136813","post","type-post","status-publish","format-standard","has-post-thumbnail","","category-informes-negocios-y-finanzas","category-ultimas-noticias"],"_links":{"self":[{"href":"https:\/\/archive.sana.sy\/es\/index.php?rest_route=\/wp\/v2\/posts\/136813"}],"collection":[{"href":"https:\/\/archive.sana.sy\/es\/index.php?rest_route=\/wp\/v2\/posts"}],"about":[{"href":"https:\/\/archive.sana.sy\/es\/index.php?rest_route=\/wp\/v2\/types\/post"}],"author":[{"embeddable":true,"href":"https:\/\/archive.sana.sy\/es\/index.php?rest_route=\/wp\/v2\/users\/24"}],"replies":[{"embeddable":true,"href":"https:\/\/archive.sana.sy\/es\/index.php?rest_route=%2Fwp%2Fv2%2Fcomments&post=136813"}],"version-history":[{"count":0,"href":"https:\/\/archive.sana.sy\/es\/index.php?rest_route=\/wp\/v2\/posts\/136813\/revisions"}],"wp:featuredmedia":[{"embeddable":true,"href":"https:\/\/archive.sana.sy\/es\/index.php?rest_route=\/wp\/v2\/media\/136814"}],"wp:attachment":[{"href":"https:\/\/archive.sana.sy\/es\/index.php?rest_route=%2Fwp%2Fv2%2Fmedia&parent=136813"}],"wp:term":[{"taxonomy":"category","embeddable":true,"href":"https:\/\/archive.sana.sy\/es\/index.php?rest_route=%2Fwp%2Fv2%2Fcategories&post=136813"},{"taxonomy":"post_tag","embeddable":true,"href":"https:\/\/archive.sana.sy\/es\/index.php?rest_route=%2Fwp%2Fv2%2Ftags&post=136813"}],"curies":[{"name":"wp","href":"https:\/\/api.w.org\/{rel}","templated":true}]}}