{"id":136918,"date":"2020-04-15T16:20:56","date_gmt":"2020-04-15T13:20:56","guid":{"rendered":"http:\/\/sana.sy\/es\/?p=136918"},"modified":"2020-04-15T18:55:05","modified_gmt":"2020-04-15T15:55:05","slug":"prorrogan-la-suspension-de-circulacion-entre-las-provincias-hasta-el-2-de-mayo-de-2020","status":"publish","type":"post","link":"https:\/\/archive.sana.sy\/es\/?p=136918","title":{"rendered":"Prorrogan la suspensi\u00f3n del transporte interprovincial hasta el 2 de mayo de 2020"},"content":{"rendered":"<p><span style=\"color: #800000;\">Damasco, SANA<\/span><\/p>\n<p style=\"text-align: justify;\">El Ministerio del Interior prorrog\u00f3 hasta el pr\u00f3ximo 2 de mayo la suspensi\u00f3n del transporte entre las provincias.<\/p>\n<p style=\"text-align: justify;\">Tal decisi\u00f3n forma parte de las medidas adoptados por el equipo gubernamental encargado de la estrategia nacional para contener la propagaci\u00f3n de la pandemia del Coronavirus.<\/p>\n<p style=\"text-align: justify;\">La reciente decisi\u00f3n excluye a las instituciones de servicio, salud y el sector productivo, adem\u00e1s de los casos humanitarios y los veh\u00edculos de transporte de alimentos, verduras y derivados del petr\u00f3leo.<\/p>\n<p style=\"text-align: justify;\">El Consejo de Ministros decidi\u00f3 el 29 del pasado mes suspender la circulaci\u00f3n entre las provincias del 31 del pasado mes de marzo hasta el 16 del actual mes de abril.<\/p>\n<p style=\"text-align: justify;\">\n<p style=\"text-align: justify;\">M.M\/ F.M<\/p>\n","protected":false},"excerpt":{"rendered":"<p>Damasco, SANA El Ministerio del Interior prorrog\u00f3 hasta el pr\u00f3ximo 2 de mayo la suspensi\u00f3n del transporte entre las provincias. Tal decisi\u00f3n forma parte de las medidas adoptados por el equipo gubernamental encargado de la estrategia nacional para contener la propagaci\u00f3n de la pandemia del Coronavirus. La reciente decisi\u00f3n excluye a las instituciones de servicio, &hellip;<\/p>\n","protected":false},"author":36,"featured_media":136919,"comment_status":"closed","ping_status":"closed","sticky":false,"template":"","format":"standard","meta":{"footnotes":""},"categories":[597,476,7541],"tags":[],"class_list":["post-136918","post","type-post","status-publish","format-standard","has-post-thumbnail","","category-cinta-de-noticias","category-locales","category-ultimas-noticias"],"_links":{"self":[{"href":"https:\/\/archive.sana.sy\/es\/index.php?rest_route=\/wp\/v2\/posts\/136918"}],"collection":[{"href":"https:\/\/archive.sana.sy\/es\/index.php?rest_route=\/wp\/v2\/posts"}],"about":[{"href":"https:\/\/archive.sana.sy\/es\/index.php?rest_route=\/wp\/v2\/types\/post"}],"author":[{"embeddable":true,"href":"https:\/\/archive.sana.sy\/es\/index.php?rest_route=\/wp\/v2\/users\/36"}],"replies":[{"embeddable":true,"href":"https:\/\/archive.sana.sy\/es\/index.php?rest_route=%2Fwp%2Fv2%2Fcomments&post=136918"}],"version-history":[{"count":0,"href":"https:\/\/archive.sana.sy\/es\/index.php?rest_route=\/wp\/v2\/posts\/136918\/revisions"}],"wp:featuredmedia":[{"embeddable":true,"href":"https:\/\/archive.sana.sy\/es\/index.php?rest_route=\/wp\/v2\/media\/136919"}],"wp:attachment":[{"href":"https:\/\/archive.sana.sy\/es\/index.php?rest_route=%2Fwp%2Fv2%2Fmedia&parent=136918"}],"wp:term":[{"taxonomy":"category","embeddable":true,"href":"https:\/\/archive.sana.sy\/es\/index.php?rest_route=%2Fwp%2Fv2%2Fcategories&post=136918"},{"taxonomy":"post_tag","embeddable":true,"href":"https:\/\/archive.sana.sy\/es\/index.php?rest_route=%2Fwp%2Fv2%2Ftags&post=136918"}],"curies":[{"name":"wp","href":"https:\/\/api.w.org\/{rel}","templated":true}]}}