{"id":137017,"date":"2020-04-17T20:00:45","date_gmt":"2020-04-17T17:00:45","guid":{"rendered":"http:\/\/sana.sy\/es\/?p=137017"},"modified":"2023-01-10T14:33:22","modified_gmt":"2023-01-10T12:33:22","slug":"siria-celebra-54-aniversario-de-la-independencia-como-se-logro-esa-independencia","status":"publish","type":"post","link":"https:\/\/archive.sana.sy\/es\/?p=137017","title":{"rendered":"Siria celebra 74 aniversario de la Independencia.. \u00bfc\u00f3mo se logr\u00f3 esa independencia?"},"content":{"rendered":"<p><span style=\"color: #800000;\">Damasco, SANA<\/span><\/p>\n<p style=\"text-align: justify;\">Tras a\u00f1os de lucha incesante, el pueblo sirio logr\u00f3 la independencia de Siria del colonialismo franc\u00e9s el 17 de abril de 1946.<\/p>\n<p style=\"text-align: justify;\">Cuando se desat\u00f3 la Primera Guerra Mundial en el a\u00f1o 1914, el pueblo sirio sufri\u00f3 de esta Guerra y resisti\u00f3 con valent\u00eda y coraje las avaricias y las codicias de los invasores que planeaban dividir al Oriente \u00c1rabe seg\u00fan el Tratado de Sykes Picot.<\/p>\n<p style=\"text-align: justify;\">A los invasores, se les inquietaron los crecientes sentimientos de patriotismo del pueblo sirio que sufr\u00eda de las secuelas de la dominaci\u00f3n otomana\u2026<\/p>\n<p style=\"text-align: justify;\">En aquel tiempo, el noble Hussein se preparaba desde La Meca para anunciar una Revoluci\u00f3n que libera a todo el suelo \u00e1rabe del Imperio Otomano; y la ejecuci\u00f3n de varios patriotas sirios y libaneses por parte del verdugo otomano Yamal Basha aceler\u00f3 el anuncio de esta Revoluci\u00f3n.<\/p>\n<p style=\"text-align: justify;\">El d\u00eda 5 de octubre del a\u00f1o 1918, el pr\u00edncipe Faisal ley\u00f3 un comunicado anunciando su proyecto de formar un gobierno \u00e1rabe.<\/p>\n<p><span style=\"color: #0000ff;\">FM\/ RR<\/span><\/p>\n","protected":false},"excerpt":{"rendered":"<p>Damasco, SANA Tras a\u00f1os de lucha incesante, el pueblo sirio logr\u00f3 la independencia de Siria del colonialismo franc\u00e9s el 17 de abril de 1946. Cuando se desat\u00f3 la Primera Guerra Mundial en el a\u00f1o 1914, el pueblo sirio sufri\u00f3 de esta Guerra y resisti\u00f3 con valent\u00eda y coraje las avaricias y las codicias de los &hellip;<\/p>\n","protected":false},"author":31,"featured_media":137018,"comment_status":"closed","ping_status":"closed","sticky":false,"template":"","format":"standard","meta":{"footnotes":""},"categories":[477,447,597,476,7541],"tags":[],"class_list":["post-137017","post","type-post","status-publish","format-standard","has-post-thumbnail","","category-noticias-edulcorantes","category-local-politica","category-cinta-de-noticias","category-locales","category-ultimas-noticias"],"_links":{"self":[{"href":"https:\/\/archive.sana.sy\/es\/index.php?rest_route=\/wp\/v2\/posts\/137017"}],"collection":[{"href":"https:\/\/archive.sana.sy\/es\/index.php?rest_route=\/wp\/v2\/posts"}],"about":[{"href":"https:\/\/archive.sana.sy\/es\/index.php?rest_route=\/wp\/v2\/types\/post"}],"author":[{"embeddable":true,"href":"https:\/\/archive.sana.sy\/es\/index.php?rest_route=\/wp\/v2\/users\/31"}],"replies":[{"embeddable":true,"href":"https:\/\/archive.sana.sy\/es\/index.php?rest_route=%2Fwp%2Fv2%2Fcomments&post=137017"}],"version-history":[{"count":0,"href":"https:\/\/archive.sana.sy\/es\/index.php?rest_route=\/wp\/v2\/posts\/137017\/revisions"}],"wp:featuredmedia":[{"embeddable":true,"href":"https:\/\/archive.sana.sy\/es\/index.php?rest_route=\/wp\/v2\/media\/137018"}],"wp:attachment":[{"href":"https:\/\/archive.sana.sy\/es\/index.php?rest_route=%2Fwp%2Fv2%2Fmedia&parent=137017"}],"wp:term":[{"taxonomy":"category","embeddable":true,"href":"https:\/\/archive.sana.sy\/es\/index.php?rest_route=%2Fwp%2Fv2%2Fcategories&post=137017"},{"taxonomy":"post_tag","embeddable":true,"href":"https:\/\/archive.sana.sy\/es\/index.php?rest_route=%2Fwp%2Fv2%2Ftags&post=137017"}],"curies":[{"name":"wp","href":"https:\/\/api.w.org\/{rel}","templated":true}]}}