{"id":137061,"date":"2020-04-17T15:27:57","date_gmt":"2020-04-17T12:27:57","guid":{"rendered":"http:\/\/sana.sy\/es\/?p=137061"},"modified":"2023-01-12T14:44:30","modified_gmt":"2023-01-12T12:44:30","slug":"cuba-exige-fin-de-bloqueo-para-apoyar-solidaridad-medica-con-paises-en-vias-de-desarrollo","status":"publish","type":"post","link":"https:\/\/archive.sana.sy\/es\/?p=137061","title":{"rendered":"Cuba exige fin de bloqueo para apoyar solidaridad m\u00e9dica con pa\u00edses en v\u00edas de desarrollo"},"content":{"rendered":"<p><span style=\"color: #800000;\">La Habana, SANA<\/span><\/p>\n<p style=\"text-align: justify;\">Cuba pidi\u00f3 el levantamiento de las medidas econ\u00f3micas coercitivas impuestas a los pa\u00edses en v\u00edas de desarrollo, en medio del estallido de la epidemia del nuevo coronavirus, y enfatiz\u00f3 que enfrentar esta crisis requiere cooperaci\u00f3n, solidaridad y dejar de lado las diferencias pol\u00edticas.<\/p>\n<p style=\"text-align: justify;\">Por medio de un comunicado, el Ministerio de Relaciones Exteriores de Cuba subray\u00f3 que la crisis del brote de &#8220;Covid-19&#8243; que atraviesa el mundo confirma la importancia de la cooperaci\u00f3n internacional y la solidaridad a pesar de las diferencias pol\u00edticas, ya que el nuevo coronavirus no conoce fronteras , ni diferencias entre ideolog\u00edas&#8221;.<\/p>\n<p style=\"text-align: justify;\">La nota del Ente cubano hizo un llamado a los pa\u00edses del mundo para que coordinen y tomen medidas hacia la producci\u00f3n y distribuci\u00f3n equitativa de equipos m\u00e9dicos, medios de protecci\u00f3n y medicamentos a los pa\u00edses, destacando que los ataques constantes contar algunos pa\u00edses exacerban la amenaza a la paz y la seguridad internacionales.<\/p>\n<p style=\"text-align: justify;\">Asimismo, conden\u00f3 el continuo &#8220;ataque inmoral&#8221; de la administraci\u00f3n estadounidense contra la solidaridad cubana con los pa\u00edses que solicitaron cooperaci\u00f3n para contrarrestar el coronavirus, y denunci\u00f3 las declaraciones de amenaza emitidas por la administraci\u00f3n estadounidense contra los gobiernos que solicitan la asistencia de Cuba para enfrentar la pandemia.<\/p>\n<p>\u201cEl embargo econ\u00f3mico impuesto por Washington a La Habana constituye el principal obst\u00e1culo para el desarrollo en Cuba y le impide importar equipos y materiales m\u00e9dicos necesarios para enfrentar el coronavirus\u201d, precis\u00f3.<\/p>\n<p>M.M<\/p>\n","protected":false},"excerpt":{"rendered":"<p>La Habana, SANA Cuba pidi\u00f3 el levantamiento de las medidas econ\u00f3micas coercitivas impuestas a los pa\u00edses en v\u00edas de desarrollo, en medio del estallido de la epidemia del nuevo coronavirus, y enfatiz\u00f3 que enfrentar esta crisis requiere cooperaci\u00f3n, solidaridad y dejar de lado las diferencias pol\u00edticas. Por medio de un comunicado, el Ministerio de Relaciones &hellip;<\/p>\n","protected":false},"author":36,"featured_media":137062,"comment_status":"closed","ping_status":"closed","sticky":false,"template":"","format":"standard","meta":{"footnotes":""},"categories":[597,456,457],"tags":[],"class_list":["post-137061","post","type-post","status-publish","format-standard","has-post-thumbnail","","category-cinta-de-noticias","category-arabe-internacional-politica","category-noticias-arabe-internacional-politica"],"_links":{"self":[{"href":"https:\/\/archive.sana.sy\/es\/index.php?rest_route=\/wp\/v2\/posts\/137061"}],"collection":[{"href":"https:\/\/archive.sana.sy\/es\/index.php?rest_route=\/wp\/v2\/posts"}],"about":[{"href":"https:\/\/archive.sana.sy\/es\/index.php?rest_route=\/wp\/v2\/types\/post"}],"author":[{"embeddable":true,"href":"https:\/\/archive.sana.sy\/es\/index.php?rest_route=\/wp\/v2\/users\/36"}],"replies":[{"embeddable":true,"href":"https:\/\/archive.sana.sy\/es\/index.php?rest_route=%2Fwp%2Fv2%2Fcomments&post=137061"}],"version-history":[{"count":0,"href":"https:\/\/archive.sana.sy\/es\/index.php?rest_route=\/wp\/v2\/posts\/137061\/revisions"}],"wp:featuredmedia":[{"embeddable":true,"href":"https:\/\/archive.sana.sy\/es\/index.php?rest_route=\/wp\/v2\/media\/137062"}],"wp:attachment":[{"href":"https:\/\/archive.sana.sy\/es\/index.php?rest_route=%2Fwp%2Fv2%2Fmedia&parent=137061"}],"wp:term":[{"taxonomy":"category","embeddable":true,"href":"https:\/\/archive.sana.sy\/es\/index.php?rest_route=%2Fwp%2Fv2%2Fcategories&post=137061"},{"taxonomy":"post_tag","embeddable":true,"href":"https:\/\/archive.sana.sy\/es\/index.php?rest_route=%2Fwp%2Fv2%2Ftags&post=137061"}],"curies":[{"name":"wp","href":"https:\/\/api.w.org\/{rel}","templated":true}]}}