{"id":137064,"date":"2020-04-17T16:15:53","date_gmt":"2020-04-17T13:15:53","guid":{"rendered":"http:\/\/sana.sy\/es\/?p=137064"},"modified":"2023-01-12T14:44:30","modified_gmt":"2023-01-12T12:44:30","slug":"varios-palestinos-resultan-afectados-por-represion-israeli-en-kafr-qaddoum","status":"publish","type":"post","link":"https:\/\/archive.sana.sy\/es\/?p=137064","title":{"rendered":"Varios palestinos resultan afectados por represi\u00f3n israel\u00ed en Kafr Qaddoum"},"content":{"rendered":"<p><span style=\"color: #800000;\">Jerusal\u00e9n Ocupada, SANA<\/span><\/p>\n<p style=\"text-align: justify;\">Varios j\u00f3venes palestinos resultaron lesionados y asfixiados este viernes tras la supresi\u00f3n de las fuerzas de ocupaci\u00f3n israel\u00ed de una manifestaci\u00f3n en el pueblo de Kafr Qaddoum, seg\u00fan inform\u00f3 la agencia palestina de noticias (MAAN).<\/p>\n<p style=\"text-align: justify;\">Tal acto de protesta se organiza semanalmente en Kafr Qaddoum en contra de la construcci\u00f3n de asentamientos por la ocupaci\u00f3n israel\u00ed, y para reclamar la apertura de la calle del pueblo, que lleva 16 a\u00f1os cerrada.<\/p>\n<p style=\"text-align: justify;\">&#8220;Las fuerzas del ocupante sionista abrieron fuego y emplearon bombas de gas t\u00f3xico contra los manifestantes, lo que dej\u00f3 a varios asfixiados&#8221;, explic\u00f3,Murad Shteiwi, coordinador de la Resistencia Popular en Kafr Qaddum.<\/p>\n<p style=\"text-align: justify;\">Las fuerzas de ocupaci\u00f3n siguen amenazando y reprimiendo la resistencia no violenta a la ocupaci\u00f3n con t\u00e1cticas tales como amenazas y ataques a los residentes del pueblo.<\/p>\n<p>M.M<\/p>\n","protected":false},"excerpt":{"rendered":"<p>Jerusal\u00e9n Ocupada, SANA Varios j\u00f3venes palestinos resultaron lesionados y asfixiados este viernes tras la supresi\u00f3n de las fuerzas de ocupaci\u00f3n israel\u00ed de una manifestaci\u00f3n en el pueblo de Kafr Qaddoum, seg\u00fan inform\u00f3 la agencia palestina de noticias (MAAN). Tal acto de protesta se organiza semanalmente en Kafr Qaddoum en contra de la construcci\u00f3n de asentamientos &hellip;<\/p>\n","protected":false},"author":36,"featured_media":137065,"comment_status":"closed","ping_status":"closed","sticky":false,"template":"","format":"standard","meta":{"footnotes":""},"categories":[597,456,457],"tags":[],"class_list":["post-137064","post","type-post","status-publish","format-standard","has-post-thumbnail","","category-cinta-de-noticias","category-arabe-internacional-politica","category-noticias-arabe-internacional-politica"],"_links":{"self":[{"href":"https:\/\/archive.sana.sy\/es\/index.php?rest_route=\/wp\/v2\/posts\/137064"}],"collection":[{"href":"https:\/\/archive.sana.sy\/es\/index.php?rest_route=\/wp\/v2\/posts"}],"about":[{"href":"https:\/\/archive.sana.sy\/es\/index.php?rest_route=\/wp\/v2\/types\/post"}],"author":[{"embeddable":true,"href":"https:\/\/archive.sana.sy\/es\/index.php?rest_route=\/wp\/v2\/users\/36"}],"replies":[{"embeddable":true,"href":"https:\/\/archive.sana.sy\/es\/index.php?rest_route=%2Fwp%2Fv2%2Fcomments&post=137064"}],"version-history":[{"count":0,"href":"https:\/\/archive.sana.sy\/es\/index.php?rest_route=\/wp\/v2\/posts\/137064\/revisions"}],"wp:featuredmedia":[{"embeddable":true,"href":"https:\/\/archive.sana.sy\/es\/index.php?rest_route=\/wp\/v2\/media\/137065"}],"wp:attachment":[{"href":"https:\/\/archive.sana.sy\/es\/index.php?rest_route=%2Fwp%2Fv2%2Fmedia&parent=137064"}],"wp:term":[{"taxonomy":"category","embeddable":true,"href":"https:\/\/archive.sana.sy\/es\/index.php?rest_route=%2Fwp%2Fv2%2Fcategories&post=137064"},{"taxonomy":"post_tag","embeddable":true,"href":"https:\/\/archive.sana.sy\/es\/index.php?rest_route=%2Fwp%2Fv2%2Ftags&post=137064"}],"curies":[{"name":"wp","href":"https:\/\/api.w.org\/{rel}","templated":true}]}}