{"id":137083,"date":"2020-04-17T18:49:41","date_gmt":"2020-04-17T15:49:41","guid":{"rendered":"http:\/\/sana.sy\/es\/?p=137083"},"modified":"2023-01-12T14:44:30","modified_gmt":"2023-01-12T12:44:30","slug":"hatami-presencia-de-ee-uu-en-el-golfo-genera-inseguridad","status":"publish","type":"post","link":"https:\/\/archive.sana.sy\/es\/?p=137083","title":{"rendered":"Hatami: Presencia de EE.UU. en el Golfo genera inseguridad"},"content":{"rendered":"<p><span style=\"color: #800000;\">Teher\u00e1n, SANA<\/span><\/p>\n<p style=\"text-align: justify;\">La presencia ilegal de EE.UU. en el Golfo genera inseguridad, declar\u00f3 el ministro iran\u00ed de Defensa, general de brigada Amir Hatami.<\/p>\n<p>&#8221; Los estadounidenses se presentan cerca de nuestras fronteras, llegando del otro lado del mundo, y hacen estas afirmaciones vacuas&#8221;, inform\u00f3 la agencia iran\u00ed de noticias IRNA.<\/p>\n<p style=\"text-align: justify;\">En ese sentido, Hatami record\u00f3 a Washington que su presencia en el Golfo es \u201cilegal e invasora\u201d y es \u201ccausa inseguridad\u201d en esta regi\u00f3n.<\/p>\n<p style=\"text-align: justify;\">El alto mando militar advirti\u00f3 de la gran distancia que han atravesado las fuerzas estadounidenses con el fin de &#8220;generar desaf\u00edos a los pa\u00edses regionales, recurriendo a amenazas y sanciones&#8221;.<\/p>\n<p style=\"text-align: justify;\">Desde el pasado mes de julio, EE.UU. intenta, en vano, crear una coalici\u00f3n que vigile las v\u00edas fluviales en el estrecho de Ormuz, en el marco de su pol\u00edtica de \u201cm\u00e1xima presi\u00f3n\u201d contra Teher\u00e1n para reducir a cero las exportaciones iran\u00edes de crudo.<\/p>\n<p>&nbsp;<\/p>\n<p>M.M<\/p>\n","protected":false},"excerpt":{"rendered":"<p>Teher\u00e1n, SANA La presencia ilegal de EE.UU. en el Golfo genera inseguridad, declar\u00f3 el ministro iran\u00ed de Defensa, general de brigada Amir Hatami. &#8221; Los estadounidenses se presentan cerca de nuestras fronteras, llegando del otro lado del mundo, y hacen estas afirmaciones vacuas&#8221;, inform\u00f3 la agencia iran\u00ed de noticias IRNA. En ese sentido, Hatami record\u00f3 &hellip;<\/p>\n","protected":false},"author":36,"featured_media":137084,"comment_status":"closed","ping_status":"closed","sticky":false,"template":"","format":"standard","meta":{"footnotes":""},"categories":[597,456,457],"tags":[17735],"class_list":["post-137083","post","type-post","status-publish","format-standard","has-post-thumbnail","","category-cinta-de-noticias","category-arabe-internacional-politica","category-noticias-arabe-internacional-politica","tag-amir-hatami"],"_links":{"self":[{"href":"https:\/\/archive.sana.sy\/es\/index.php?rest_route=\/wp\/v2\/posts\/137083"}],"collection":[{"href":"https:\/\/archive.sana.sy\/es\/index.php?rest_route=\/wp\/v2\/posts"}],"about":[{"href":"https:\/\/archive.sana.sy\/es\/index.php?rest_route=\/wp\/v2\/types\/post"}],"author":[{"embeddable":true,"href":"https:\/\/archive.sana.sy\/es\/index.php?rest_route=\/wp\/v2\/users\/36"}],"replies":[{"embeddable":true,"href":"https:\/\/archive.sana.sy\/es\/index.php?rest_route=%2Fwp%2Fv2%2Fcomments&post=137083"}],"version-history":[{"count":0,"href":"https:\/\/archive.sana.sy\/es\/index.php?rest_route=\/wp\/v2\/posts\/137083\/revisions"}],"wp:featuredmedia":[{"embeddable":true,"href":"https:\/\/archive.sana.sy\/es\/index.php?rest_route=\/wp\/v2\/media\/137084"}],"wp:attachment":[{"href":"https:\/\/archive.sana.sy\/es\/index.php?rest_route=%2Fwp%2Fv2%2Fmedia&parent=137083"}],"wp:term":[{"taxonomy":"category","embeddable":true,"href":"https:\/\/archive.sana.sy\/es\/index.php?rest_route=%2Fwp%2Fv2%2Fcategories&post=137083"},{"taxonomy":"post_tag","embeddable":true,"href":"https:\/\/archive.sana.sy\/es\/index.php?rest_route=%2Fwp%2Fv2%2Ftags&post=137083"}],"curies":[{"name":"wp","href":"https:\/\/api.w.org\/{rel}","templated":true}]}}