{"id":137234,"date":"2020-04-20T09:00:04","date_gmt":"2020-04-20T06:00:04","guid":{"rendered":"http:\/\/sana.sy\/es\/?p=137234"},"modified":"2020-04-20T09:55:53","modified_gmt":"2020-04-20T06:55:53","slug":"salud-registra-nuevo-caso-con-covid-19-y-anuncia-el-fallecimiento-de-uno-de-los-infectados","status":"publish","type":"post","link":"https:\/\/archive.sana.sy\/es\/?p=137234","title":{"rendered":"Siria reporta un total de 39 casos con Covid-19 y los fallecidos ascienden a tres"},"content":{"rendered":"<p><span style=\"color: #800000;\">Damasco, SANA<\/span><\/p>\n<p style=\"text-align: justify;\">El Ministerio de Salud de Siria anunci\u00f3 hoy domingo un nuevo caso de Coronavirus y una tercera persona fallecida.<\/p>\n<p style=\"text-align: justify;\">\u201cEl n\u00famero total de casos registrados en Siria hasta la fecha alcanz\u00f3 39 casos, cinco de los cuales se recuperaron, mientras tres perdieron la vida\u201d, aclar\u00f3 el Ministerio en un comunicado.<\/p>\n<p style=\"text-align: justify;\">Siria anunci\u00f3 el primer caso positivo de esta pandemia el 22 de marzo pasado.<\/p>\n<p style=\"text-align: justify;\">El pa\u00eds extrem\u00f3 las medidas preventivas para contener la propagaci\u00f3n del nuevo coronavirus, as\u00ed como destin\u00f3 14 hospitales en todo el pa\u00eds para recibir a posibles casos de infectados.<\/p>\n<p><span style=\"color: #0000ff;\">Y.K.- F.M.<\/span><\/p>\n","protected":false},"excerpt":{"rendered":"<p>Damasco, SANA El Ministerio de Salud de Siria anunci\u00f3 hoy domingo un nuevo caso de Coronavirus y una tercera persona fallecida. \u201cEl n\u00famero total de casos registrados en Siria hasta la fecha alcanz\u00f3 39 casos, cinco de los cuales se recuperaron, mientras tres perdieron la vida\u201d, aclar\u00f3 el Ministerio en un comunicado. Siria anunci\u00f3 el &hellip;<\/p>\n","protected":false},"author":1,"featured_media":137261,"comment_status":"closed","ping_status":"closed","sticky":false,"template":"","format":"standard","meta":{"footnotes":""},"categories":[597,476,583],"tags":[],"class_list":["post-137234","post","type-post","status-publish","format-standard","has-post-thumbnail","","category-cinta-de-noticias","category-locales","category-slide"],"_links":{"self":[{"href":"https:\/\/archive.sana.sy\/es\/index.php?rest_route=\/wp\/v2\/posts\/137234"}],"collection":[{"href":"https:\/\/archive.sana.sy\/es\/index.php?rest_route=\/wp\/v2\/posts"}],"about":[{"href":"https:\/\/archive.sana.sy\/es\/index.php?rest_route=\/wp\/v2\/types\/post"}],"author":[{"embeddable":true,"href":"https:\/\/archive.sana.sy\/es\/index.php?rest_route=\/wp\/v2\/users\/1"}],"replies":[{"embeddable":true,"href":"https:\/\/archive.sana.sy\/es\/index.php?rest_route=%2Fwp%2Fv2%2Fcomments&post=137234"}],"version-history":[{"count":0,"href":"https:\/\/archive.sana.sy\/es\/index.php?rest_route=\/wp\/v2\/posts\/137234\/revisions"}],"wp:featuredmedia":[{"embeddable":true,"href":"https:\/\/archive.sana.sy\/es\/index.php?rest_route=\/wp\/v2\/media\/137261"}],"wp:attachment":[{"href":"https:\/\/archive.sana.sy\/es\/index.php?rest_route=%2Fwp%2Fv2%2Fmedia&parent=137234"}],"wp:term":[{"taxonomy":"category","embeddable":true,"href":"https:\/\/archive.sana.sy\/es\/index.php?rest_route=%2Fwp%2Fv2%2Fcategories&post=137234"},{"taxonomy":"post_tag","embeddable":true,"href":"https:\/\/archive.sana.sy\/es\/index.php?rest_route=%2Fwp%2Fv2%2Ftags&post=137234"}],"curies":[{"name":"wp","href":"https:\/\/api.w.org\/{rel}","templated":true}]}}