{"id":137289,"date":"2020-04-20T14:55:01","date_gmt":"2020-04-20T11:55:01","guid":{"rendered":"http:\/\/sana.sy\/es\/?p=137289"},"modified":"2020-04-20T19:49:20","modified_gmt":"2020-04-20T16:49:20","slug":"presidente-al-assad-recibe-al-canciller-irani-y-asegura-que-la-crisis-del-coronavirus-revelo-el-fracaso-de-los-regimenes-de-occidente","status":"publish","type":"post","link":"https:\/\/archive.sana.sy\/es\/?p=137289","title":{"rendered":"Presidente Al-Assad recibe al canciller iran\u00ed y asegura que la crisis del Coronavirus revel\u00f3 el fracaso de los reg\u00edmenes de Occidente"},"content":{"rendered":"<p style=\"text-align: justify\"><span style=\"color: #800000\">Damasco, SANA<\/span><\/p>\n<p style=\"text-align: justify\">El presidente Bashar Al-Assad, recibi\u00f3 hoy al Ministro de Exteriores de Ir\u00e1n, Mohammed Javad Zarif, y la delegaci\u00f3n que le acompa\u00f1a.<\/p>\n<p style=\"text-align: justify\">Durante el encuentro, el presidente expres\u00f3 sus condolencias a Ir\u00e1n y al pueblo iran\u00ed por las v\u00edctimas del Coronavirus, y lament\u00f3 que esta pandemia se haya convertido en un campo para la inversi\u00f3n pol\u00edtica por parte de algunos pa\u00edses en Occidente, a su frente Estados Unidos.<\/p>\n<p style=\"text-align: justify\">\u201cWashington mantiene su enfoque de imponer sanciones a los pa\u00edses a pesar de esas condiciones humanitarias excepcionales\u201d, destac\u00f3.<\/p>\n<p style=\"text-align: justify\">Asegur\u00f3 que \u201cla crisis del Coronavirus revel\u00f3 primero el fracaso de los reg\u00edmenes occidentales y su baja moral ya que esta pandemia mostr\u00f3 que esos reg\u00edmenes existen para servir a una determinada clase y no para servir a sus pueblos\u201d.<\/p>\n<p style=\"text-align: justify\">Las conversaciones abordaron los \u00faltimos desarrollos relativos al trayecto pol\u00edtico, incluida la Comisi\u00f3n Constitucional y el Proceso de Astan\u00e1, adem\u00e1s de la evoluci\u00f3n de la situaci\u00f3n en el norte de Siria, en particular la agresi\u00f3n continua de Turqu\u00eda a la soberan\u00eda y el territorio de la Rep\u00fablica \u00c1rabe Siria, ya sea mediante su ocupaci\u00f3n directa o el aumento del n\u00famero de los llamados puntos de observaci\u00f3n, que no son m\u00e1s que bases militares.<\/p>\n<p style=\"text-align: justify\">El presidente Al-Assad subray\u00f3 que las acciones de Turqu\u00eda en el terreno desenmascaran sus intenciones de incumplir los acuerdos concretados en Astan\u00e1 o en Sochi y que prev\u00e9n el reconocimiento de la soberan\u00eda y la integridad territorial de Siria.<\/p>\n<p style=\"text-align: justify\">Por su parte, Zarif denunci\u00f3 durante la reuni\u00f3n los actuales intentos occidentales de reinvertir el tema de las &#8220;armas qu\u00edmicas&#8221; en Siria, y calific\u00f3 de vergonzoso que se reutilice este pretexto en estas circunstancias que atraviesa el mundo.<\/p>\n<p style=\"text-align: justify\"><span style=\"color: #0000ff\">Cancilleres al-Moallem y Zarif repasan las v\u00edas de hacer frente a los efectos de la propagaci\u00f3n de la Covid-19<\/span><\/p>\n<p style=\"text-align: justify\">El canciller Walid al-Moallem, abord\u00f3 con su par iran\u00ed las v\u00edas de afianzar los lazos hist\u00f3ricos y estrat\u00e9gicos entre ambas naciones hermanas, y la necesidad de dar continuaci\u00f3n a la coordinaci\u00f3n mutua y el intercambio de informaciones y experiencias entre las autoridades de los dos pa\u00edses para hacer frente a los retos conjuntos y los efectos de la propagaci\u00f3n de la Covid-19, y tambi\u00e9n para poder proveer las necesidades de precauci\u00f3n, diagn\u00f3stico y tratamiento de esta pandemia.<\/p>\n<p style=\"text-align: justify\">Ambos jefes de diplomacia repasaron tambi\u00e9n la situaci\u00f3n en el escenario regional e internacional, y coincidieron en la mayor\u00eda de los temas debatidos.<\/p>\n<div id='gallery-1' class='gallery galleryid-137289 gallery-columns-1 gallery-size-large'><figure class='gallery-item'>\n\t\t\t<div class='gallery-icon landscape'>\n\t\t\t\t<a href='https:\/\/archive.sana.sy\/es\/wp-content\/uploads\/2020\/04\/20.04.20.MP-01-\u0644\u0642\u0627\u0621-\u0648\u0632\u064a\u0631-\u062e\u0627\u0631\u062c\u064a\u0629-\u0625\u064a\u0631\u0627\u0646-\u062c\u0648\u0627\u062f-\u0638\u0631\u064a\u0641-1-scaled.jpg'><img loading=\"lazy\" decoding=\"async\" width=\"618\" height=\"423\" src=\"https:\/\/archive.sana.sy\/es\/wp-content\/uploads\/2020\/04\/20.04.20.MP-01-\u0644\u0642\u0627\u0621-\u0648\u0632\u064a\u0631-\u062e\u0627\u0631\u062c\u064a\u0629-\u0625\u064a\u0631\u0627\u0646-\u062c\u0648\u0627\u062f-\u0638\u0631\u064a\u0641-1-1024x701.jpg\" class=\"attachment-large size-large\" alt=\"\" srcset=\"https:\/\/archive.sana.sy\/es\/wp-content\/uploads\/2020\/04\/20.04.20.MP-01-\u0644\u0642\u0627\u0621-\u0648\u0632\u064a\u0631-\u062e\u0627\u0631\u062c\u064a\u0629-\u0625\u064a\u0631\u0627\u0646-\u062c\u0648\u0627\u062f-\u0638\u0631\u064a\u0641-1-1024x701.jpg 1024w, https:\/\/archive.sana.sy\/es\/wp-content\/uploads\/2020\/04\/20.04.20.MP-01-\u0644\u0642\u0627\u0621-\u0648\u0632\u064a\u0631-\u062e\u0627\u0631\u062c\u064a\u0629-\u0625\u064a\u0631\u0627\u0646-\u062c\u0648\u0627\u062f-\u0638\u0631\u064a\u0641-1-300x206.jpg 300w, https:\/\/archive.sana.sy\/es\/wp-content\/uploads\/2020\/04\/20.04.20.MP-01-\u0644\u0642\u0627\u0621-\u0648\u0632\u064a\u0631-\u062e\u0627\u0631\u062c\u064a\u0629-\u0625\u064a\u0631\u0627\u0646-\u062c\u0648\u0627\u062f-\u0638\u0631\u064a\u0641-1-150x103.jpg 150w, https:\/\/archive.sana.sy\/es\/wp-content\/uploads\/2020\/04\/20.04.20.MP-01-\u0644\u0642\u0627\u0621-\u0648\u0632\u064a\u0631-\u062e\u0627\u0631\u062c\u064a\u0629-\u0625\u064a\u0631\u0627\u0646-\u062c\u0648\u0627\u062f-\u0638\u0631\u064a\u0641-1-768x526.jpg 768w, https:\/\/archive.sana.sy\/es\/wp-content\/uploads\/2020\/04\/20.04.20.MP-01-\u0644\u0642\u0627\u0621-\u0648\u0632\u064a\u0631-\u062e\u0627\u0631\u062c\u064a\u0629-\u0625\u064a\u0631\u0627\u0646-\u062c\u0648\u0627\u062f-\u0638\u0631\u064a\u0641-1-1536x1052.jpg 1536w, https:\/\/archive.sana.sy\/es\/wp-content\/uploads\/2020\/04\/20.04.20.MP-01-\u0644\u0642\u0627\u0621-\u0648\u0632\u064a\u0631-\u062e\u0627\u0631\u062c\u064a\u0629-\u0625\u064a\u0631\u0627\u0646-\u062c\u0648\u0627\u062f-\u0638\u0631\u064a\u0641-1-2048x1403.jpg 2048w, https:\/\/archive.sana.sy\/es\/wp-content\/uploads\/2020\/04\/20.04.20.MP-01-\u0644\u0642\u0627\u0621-\u0648\u0632\u064a\u0631-\u062e\u0627\u0631\u062c\u064a\u0629-\u0625\u064a\u0631\u0627\u0646-\u062c\u0648\u0627\u062f-\u0638\u0631\u064a\u0641-1-110x75.jpg 110w\" sizes=\"(max-width: 618px) 100vw, 618px\" \/><\/a>\n\t\t\t<\/div><\/figure><figure class='gallery-item'>\n\t\t\t<div class='gallery-icon landscape'>\n\t\t\t\t<a href='https:\/\/archive.sana.sy\/es\/wp-content\/uploads\/2020\/04\/ROR_4327-scaled.jpg'><img loading=\"lazy\" decoding=\"async\" width=\"618\" height=\"366\" src=\"https:\/\/archive.sana.sy\/es\/wp-content\/uploads\/2020\/04\/ROR_4327-1024x607.jpg\" class=\"attachment-large size-large\" alt=\"\" srcset=\"https:\/\/archive.sana.sy\/es\/wp-content\/uploads\/2020\/04\/ROR_4327-1024x607.jpg 1024w, https:\/\/archive.sana.sy\/es\/wp-content\/uploads\/2020\/04\/ROR_4327-300x178.jpg 300w, https:\/\/archive.sana.sy\/es\/wp-content\/uploads\/2020\/04\/ROR_4327-150x89.jpg 150w, https:\/\/archive.sana.sy\/es\/wp-content\/uploads\/2020\/04\/ROR_4327-768x455.jpg 768w, https:\/\/archive.sana.sy\/es\/wp-content\/uploads\/2020\/04\/ROR_4327-1536x910.jpg 1536w, https:\/\/archive.sana.sy\/es\/wp-content\/uploads\/2020\/04\/ROR_4327-2048x1214.jpg 2048w\" sizes=\"(max-width: 618px) 100vw, 618px\" \/><\/a>\n\t\t\t<\/div><\/figure>\n\t\t<\/div>\n\n<p style=\"text-align: justify\"><span style=\"color: #0000ff\">F.M.\/L.A.\/R.R.<\/span><\/p>\n","protected":false},"excerpt":{"rendered":"<p>Damasco, SANA El presidente Bashar Al-Assad, recibi\u00f3 hoy al Ministro de Exteriores de Ir\u00e1n, Mohammed Javad Zarif, y la delegaci\u00f3n que le acompa\u00f1a. Durante el encuentro, el presidente expres\u00f3 sus condolencias a Ir\u00e1n y al pueblo iran\u00ed por las v\u00edctimas del Coronavirus, y lament\u00f3 que esta pandemia se haya convertido en un campo para la &hellip;<\/p>\n","protected":false},"author":31,"featured_media":137290,"comment_status":"closed","ping_status":"closed","sticky":false,"template":"","format":"standard","meta":{"footnotes":""},"categories":[597,476,16237,583],"tags":[],"class_list":["post-137289","post","type-post","status-publish","format-standard","has-post-thumbnail","","category-cinta-de-noticias","category-locales","category-presidence-de-la-republique-arabe-syria","category-slide"],"_links":{"self":[{"href":"https:\/\/archive.sana.sy\/es\/index.php?rest_route=\/wp\/v2\/posts\/137289"}],"collection":[{"href":"https:\/\/archive.sana.sy\/es\/index.php?rest_route=\/wp\/v2\/posts"}],"about":[{"href":"https:\/\/archive.sana.sy\/es\/index.php?rest_route=\/wp\/v2\/types\/post"}],"author":[{"embeddable":true,"href":"https:\/\/archive.sana.sy\/es\/index.php?rest_route=\/wp\/v2\/users\/31"}],"replies":[{"embeddable":true,"href":"https:\/\/archive.sana.sy\/es\/index.php?rest_route=%2Fwp%2Fv2%2Fcomments&post=137289"}],"version-history":[{"count":0,"href":"https:\/\/archive.sana.sy\/es\/index.php?rest_route=\/wp\/v2\/posts\/137289\/revisions"}],"wp:featuredmedia":[{"embeddable":true,"href":"https:\/\/archive.sana.sy\/es\/index.php?rest_route=\/wp\/v2\/media\/137290"}],"wp:attachment":[{"href":"https:\/\/archive.sana.sy\/es\/index.php?rest_route=%2Fwp%2Fv2%2Fmedia&parent=137289"}],"wp:term":[{"taxonomy":"category","embeddable":true,"href":"https:\/\/archive.sana.sy\/es\/index.php?rest_route=%2Fwp%2Fv2%2Fcategories&post=137289"},{"taxonomy":"post_tag","embeddable":true,"href":"https:\/\/archive.sana.sy\/es\/index.php?rest_route=%2Fwp%2Fv2%2Ftags&post=137289"}],"curies":[{"name":"wp","href":"https:\/\/api.w.org\/{rel}","templated":true}]}}