{"id":137302,"date":"2020-04-20T17:35:23","date_gmt":"2020-04-20T14:35:23","guid":{"rendered":"http:\/\/sana.sy\/es\/?p=137302"},"modified":"2023-01-12T14:44:30","modified_gmt":"2023-01-12T12:44:30","slug":"aviacion-israeli-comete-nueva-violacion-del-espacio-aereo-libanes","status":"publish","type":"post","link":"https:\/\/archive.sana.sy\/es\/?p=137302","title":{"rendered":"Aviaci\u00f3n israel\u00ed comete nueva violaci\u00f3n del espacio a\u00e9reo liban\u00e9s"},"content":{"rendered":"<p style=\"text-align: justify\"><span style=\"color: #800000\">Beirut, SANA<\/span><\/p>\n<p style=\"text-align: justify\">La aviaci\u00f3n del enemigo israel\u00ed cometi\u00f3 hoy el lunes una nueva violaci\u00f3n del espacio a\u00e9reo del L\u00edbano, seg\u00fan inform\u00f3 La Agencia Nacional de Noticias del pa\u00eds vecino.<\/p>\n<p style=\"text-align: justify\">Precis\u00f3 que cazas israel\u00edes sobrevolaron a altitud media las zonas de Rashaiya al-Wadi, y Bec\u00e1 occidental.<\/p>\n<p style=\"text-align: justify\">\u201cOtro avi\u00f3n de reconocimiento viol\u00f3 el espacio a\u00e9reo liban\u00e9s y sobrevol\u00f3 las \u00e1reas sure\u00f1as y el Bec\u00e1 occidental\u201d, agreg\u00f3.<\/p>\n<p style=\"text-align: justify\">\nL.A.<\/p>\n","protected":false},"excerpt":{"rendered":"<p>Beirut, SANA La aviaci\u00f3n del enemigo israel\u00ed cometi\u00f3 hoy el lunes una nueva violaci\u00f3n del espacio a\u00e9reo del L\u00edbano, seg\u00fan inform\u00f3 La Agencia Nacional de Noticias del pa\u00eds vecino. Precis\u00f3 que cazas israel\u00edes sobrevolaron a altitud media las zonas de Rashaiya al-Wadi, y Bec\u00e1 occidental. \u201cOtro avi\u00f3n de reconocimiento viol\u00f3 el espacio a\u00e9reo liban\u00e9s y &hellip;<\/p>\n","protected":false},"author":24,"featured_media":137303,"comment_status":"closed","ping_status":"closed","sticky":false,"template":"","format":"standard","meta":{"footnotes":""},"categories":[456],"tags":[],"class_list":["post-137302","post","type-post","status-publish","format-standard","has-post-thumbnail","","category-arabe-internacional-politica"],"_links":{"self":[{"href":"https:\/\/archive.sana.sy\/es\/index.php?rest_route=\/wp\/v2\/posts\/137302"}],"collection":[{"href":"https:\/\/archive.sana.sy\/es\/index.php?rest_route=\/wp\/v2\/posts"}],"about":[{"href":"https:\/\/archive.sana.sy\/es\/index.php?rest_route=\/wp\/v2\/types\/post"}],"author":[{"embeddable":true,"href":"https:\/\/archive.sana.sy\/es\/index.php?rest_route=\/wp\/v2\/users\/24"}],"replies":[{"embeddable":true,"href":"https:\/\/archive.sana.sy\/es\/index.php?rest_route=%2Fwp%2Fv2%2Fcomments&post=137302"}],"version-history":[{"count":0,"href":"https:\/\/archive.sana.sy\/es\/index.php?rest_route=\/wp\/v2\/posts\/137302\/revisions"}],"wp:featuredmedia":[{"embeddable":true,"href":"https:\/\/archive.sana.sy\/es\/index.php?rest_route=\/wp\/v2\/media\/137303"}],"wp:attachment":[{"href":"https:\/\/archive.sana.sy\/es\/index.php?rest_route=%2Fwp%2Fv2%2Fmedia&parent=137302"}],"wp:term":[{"taxonomy":"category","embeddable":true,"href":"https:\/\/archive.sana.sy\/es\/index.php?rest_route=%2Fwp%2Fv2%2Fcategories&post=137302"},{"taxonomy":"post_tag","embeddable":true,"href":"https:\/\/archive.sana.sy\/es\/index.php?rest_route=%2Fwp%2Fv2%2Ftags&post=137302"}],"curies":[{"name":"wp","href":"https:\/\/api.w.org\/{rel}","templated":true}]}}